{"id":346434,"date":"2025-08-27T01:06:13","date_gmt":"2025-08-27T01:06:13","guid":{"rendered":"https:\/\/www.europesays.com\/fr\/346434\/"},"modified":"2025-08-27T01:06:13","modified_gmt":"2025-08-27T01:06:13","slug":"des-nouveautes-en-matiere-dimmigration-aux-usa-cet-ete-la-chronique-de-me-david-s-willig","status":"publish","type":"post","link":"https:\/\/www.europesays.com\/fr\/346434\/","title":{"rendered":"Des nouveaut\u00e9s en mati\u00e8re d&rsquo;immigration aux USA cet \u00e9t\u00e9 (la chronique de Me David S. Willig)"},"content":{"rendered":"<p> La Cour supr\u00eame autorise l\u2019application partielle du d\u00e9cret anti\u2011citoyennet\u00e9 \u00e0 la naissance <img decoding=\"async\" class=\"wp-image-1187\" loading=\"lazy\" src=\"\/wp-content\/uploads\/2014\/07\/david-willig-e1404586746416-236x300.jpg\" alt=\"David Willig\" width=\"181\" height=\"230\"\/>par David S. Willig, avocat \u00e0 Paris et Miami \u2013 Notaire <\/p>\n<p style=\"text-align: justify;\">Le 26 juin 2025, la Cour supr\u00eame des \u00c9tats-Unis a statu\u00e9 \u00e0 6\u20113 dans l\u2019affaire Trump v. CASA en limitant les injonctions nationales \u00e9mises contre le d\u00e9cret de Donald Trump visant \u00e0 abolir la citoyennet\u00e9 automatique (birthright citizenship) pour les enfants n\u00e9s aux \u00c9tats-Unis de parents sans statut l\u00e9gal. La Cour a d\u00e9cid\u00e9 que seuls les plaignants directs pouvaient b\u00e9n\u00e9ficier d\u2019une injonction, ouvrant ainsi la voie \u00e0 une mise en \u0153uvre du d\u00e9cret dans les r\u00e9gions n\u2019ayant pas contest\u00e9 la mesure. La constitutionnalit\u00e9 du d\u00e9cret reste toutefois non tranch\u00e9e en justice.<\/p>\n<p style=\"text-align: justify;\">La Cour supr\u00eame permet donc \u00e0 l\u2019administration Trump d\u2019appliquer son d\u00e9cret anti-citoyennet\u00e9 automatique dans certaines zones du pays, mais la question de sa l\u00e9galit\u00e9 reste \u00e0 trancher ult\u00e9rieurement. Concr\u00e8tement, cela signifie que dans ces r\u00e9gions, les enfants n\u00e9s aux \u00c9tats-Unis de parents non citoyens pourraient ne plus obtenir automatiquement la nationalit\u00e9 am\u00e9ricaine, ce qui repr\u00e9sente un changement majeur dans la politique d\u2019immigration du pays.<\/p>\n<p> Les USA renforcent le filtrage des immigr\u00e9s pour opinions jug\u00e9es \u201canti-am\u00e9ricaines\u201d <\/p>\n<p style=\"text-align: justify;\">L\u2019administration Trump a annonc\u00e9 le 20 ao\u00fbt que les immigrants sollicitant une carte verte ou la citoyennet\u00e9 am\u00e9ricaine seront d\u00e9sormais examin\u00e9s pour d\u00e9tecter d\u2019\u00e9ventuelles opinions \u00ab anti-am\u00e9ricaines \u00bb, antis\u00e9mites ou favorables au terrorisme. Selon l\u2019USCIS, les officiers disposeront d\u2019un large pouvoir discr\u00e9tionnaire pour juger si un candidat \u00ab soutient ou promeut \u00bb des id\u00e9ologies jug\u00e9es hostiles, ce qui constituerait un facteur \u00ab extr\u00eamement n\u00e9gatif \u00bb dans leur dossier. La politique inclut \u00e9galement un renforcement du contr\u00f4le des r\u00e9seaux sociaux. Pour ses partisans, il s\u2019agit de prot\u00e9ger les b\u00e9n\u00e9fices d\u2019immigration contre ceux qui \u00ab m\u00e9prisent le pays \u00bb. Mais des experts craignent une d\u00e9rive vers une forme de \u00ab\u00a0maccarthysme\u00a0\u00bb, o\u00f9 des crit\u00e8res vagues risquent de restreindre la libert\u00e9 d\u2019expression des immigr\u00e9s, de ralentir le traitement des demandes et d\u2019instaurer une autocensure g\u00e9n\u00e9ralis\u00e9e. Cette mesure s\u2019inscrit dans le durcissement global de la politique migratoire sous Trump.<\/p>\n<p style=\"text-align: justify;\">Jusqu\u2019\u00e0 pr\u00e9sent \u2019USCIS disposait d\u00e9j\u00e0 d\u2019une large marge d\u2019appr\u00e9ciation pour \u00e9valuer la \u00ab moralit\u00e9 \u00bb ou la dangerosit\u00e9 d\u2019un candidat \u00e0 l\u2019immigration.<\/p>\n<p style=\"text-align: justify;\">La g\u00e9n\u00e9ralisation de l\u2019intelligence artificielle rend d\u00e9sormais possibles et quasi-instantan\u00e9s les contr\u00f4les de millions de donn\u00e9es des appareils \u00e9lectroniques et des r\u00e9seaux sociaux.<\/p>\n<p style=\"text-align: justify;\">Si vous avez des questions sur l\u2019immigration aux USA, contactez :<\/p>\n<blockquote>\n<p><strong style=\"color: inherit; font-size: 1.56em;\">David S. Willig<\/strong><\/p>\n<p><strong>2837 SW 3rd Ave, Miami, FL 33129<\/strong><\/p>\n<p><strong>Tel : +1 (305) 860-1881 \u00a0\u00a0<a href=\"https:\/\/courrierdesameriques.com\/2025\/08\/26\/des-nouveautes-en-matiere-dimmigration-aux-usa-cet-ete-la-chronique-de-me-david-s-willig\/mailto:Interlawlink@aol.com\" target=\"_blank\" rel=\"noopener noreferrer nofollow\">Interlawlink@aol.com<\/a><\/strong><\/p>\n<p><strong>Visitez notre page sur Facebook : <a href=\"https:\/\/www.facebook.com\/David-S-Willig-Chartered-186613868040926\" target=\"_blank\" rel=\"noopener noreferrer nofollow\">www.facebook.com\/David-S-Willig-Chartered-186613868040926<\/a><\/strong><\/p>\n<\/blockquote>\n<p style=\"text-align: justify;\"><img decoding=\"async\" class=\"aligncenter wp-image-14518 size-large\" loading=\"lazy\" src=\"\/wp-content\/uploads\/2015\/11\/David-Willig-Avocat-1024x287.jpg\" alt=\"David Willig Avocat Floride\" width=\"900\" height=\"252\"\/><\/p>\n<p>\u2013 <a href=\"https:\/\/courrierdesameriques.com\/tag\/david-S-Willig\/\" target=\"_blank\" rel=\"noopener nofollow\">Cliquez pour voir les autres chroniques de David S. Willig<\/a><\/p>\n<p> <img loading=\"lazy\" decoding=\"async\" src=\"https:\/\/www.europesays.com\/fr\/wp-content\/uploads\/2025\/08\/Gen-The-Painter-peintre-en-batiment.jpg\" alt=\"Gen the Painter \/ travaux de peinture en Sud Floride (Broward et Miami)\"   width=\"975\" height=\"930\"\/>  <\/p>\n","protected":false},"excerpt":{"rendered":"La Cour supr\u00eame autorise l\u2019application partielle du d\u00e9cret anti\u2011citoyennet\u00e9 \u00e0 la naissance par David S. Willig, avocat \u00e0&hellip;\n","protected":false},"author":2,"featured_media":346435,"comment_status":"","ping_status":"","sticky":false,"template":"","format":"standard","meta":{"footnotes":""},"categories":[1589],"tags":[11,73,1866,12,1864,1865,1863,308],"class_list":{"0":"post-346434","1":"post","2":"type-post","3":"status-publish","4":"format-standard","5":"has-post-thumbnail","7":"category-etats-unis","8":"tag-actualites","9":"tag-etats-unis","10":"tag-etats-unis-damerique","11":"tag-news","12":"tag-united-states","13":"tag-united-states-of-america","14":"tag-us","15":"tag-usa"},"share_on_mastodon":{"url":"https:\/\/pubeurope.com\/@fr\/115098051228238782","error":""},"_links":{"self":[{"href":"https:\/\/www.europesays.com\/fr\/wp-json\/wp\/v2\/posts\/346434","targetHints":{"allow":["GET"]}}],"collection":[{"href":"https:\/\/www.europesays.com\/fr\/wp-json\/wp\/v2\/posts"}],"about":[{"href":"https:\/\/www.europesays.com\/fr\/wp-json\/wp\/v2\/types\/post"}],"author":[{"embeddable":true,"href":"https:\/\/www.europesays.com\/fr\/wp-json\/wp\/v2\/users\/2"}],"replies":[{"embeddable":true,"href":"https:\/\/www.europesays.com\/fr\/wp-json\/wp\/v2\/comments?post=346434"}],"version-history":[{"count":0,"href":"https:\/\/www.europesays.com\/fr\/wp-json\/wp\/v2\/posts\/346434\/revisions"}],"wp:featuredmedia":[{"embeddable":true,"href":"https:\/\/www.europesays.com\/fr\/wp-json\/wp\/v2\/media\/346435"}],"wp:attachment":[{"href":"https:\/\/www.europesays.com\/fr\/wp-json\/wp\/v2\/media?parent=346434"}],"wp:term":[{"taxonomy":"category","embeddable":true,"href":"https:\/\/www.europesays.com\/fr\/wp-json\/wp\/v2\/categories?post=346434"},{"taxonomy":"post_tag","embeddable":true,"href":"https:\/\/www.europesays.com\/fr\/wp-json\/wp\/v2\/tags?post=346434"}],"curies":[{"name":"wp","href":"https:\/\/api.w.org\/{rel}","templated":true}]}}