{"id":346436,"date":"2025-08-27T01:07:16","date_gmt":"2025-08-27T01:07:16","guid":{"rendered":"https:\/\/www.europesays.com\/fr\/346436\/"},"modified":"2025-08-27T01:07:16","modified_gmt":"2025-08-27T01:07:16","slug":"londres-defend-sa-taxe-sur-la-tech-face-aux-droits-de-douane-de-trump","status":"publish","type":"post","link":"https:\/\/www.europesays.com\/fr\/346436\/","title":{"rendered":"Londres d\u00e9fend sa taxe sur la \u00ab\u00a0tech\u00a0\u00bb face aux droits de douane de Trump"},"content":{"rendered":"<p class=\"ap-StoryElement ap-StoryElement--mb ap-StoryText\">Introduite en 2020, la DST est une taxe de 2% sur le chiffre d&rsquo;affaires r\u00e9alis\u00e9 par les g\u00e9ants de la \u00ab\u00a0tech\u00a0\u00bb sur les utilisateurs britanniques: r\u00e9seaux sociaux, moteurs de recherche ou plateformes de e-commerce.<\/p>\n<p class=\"ap-StoryElement ap-StoryElement--mb ap-StoryText\">Sans viser explicitement les entreprises bas\u00e9es aux Etats-Unis, les seuils fix\u00e9s font qu&rsquo;en pratique la grande majorit\u00e9 des revenus g\u00e9n\u00e9r\u00e9s proviennent, selon la presse britannique, de g\u00e9ants am\u00e9ricains tels qu&rsquo;Amazon, Google, Apple ou Meta.<\/p>\n<p><a href=\"https:\/\/www.lalibre.be\/international\/europe\/2025\/08\/24\/londres-promet-daccelerer-les-recours-des-demandeurs-dasile-YOZXF65QOJBD3AMPPHS2OQZZNA\/\" target=\"_blank\" rel=\"noopener noreferrer\" class=\"ap-StoryInterstitialLink ap-StoryElement ap-StoryElement--mb\">Londres promet d&rsquo;acc\u00e9l\u00e9rer les recours des demandeurs d&rsquo;asile<\/a><\/p>\n<p class=\"ap-StoryElement ap-StoryElement--mb ap-StoryText\">Londres a toutefois rappel\u00e9 s&rsquo;\u00eatre engag\u00e9 \u00e0 supprimer cette taxe sur les services num\u00e9riques \u00ab\u00a0d\u00e8s qu&rsquo;une solution internationale appropri\u00e9e sera en place\u00a0\u00bb. Des n\u00e9gociations ont eu lieu en ce sens sous l&rsquo;\u00e9gide de l&rsquo;OCDE, sans succ\u00e8s jusqu&rsquo;ici.<\/p>\n<p class=\"ap-StoryElement ap-StoryElement--mb ap-StoryText\">La Commission europ\u00e9enne a pour sa part affirm\u00e9 un peu plus t\u00f4t mardi avoir le \u00ab\u00a0droit souverain\u00a0\u00bb de r\u00e9glementer la \u00ab\u00a0tech\u00a0\u00bb, elle aussi en r\u00e9ponse \u00e0 ces menaces du pr\u00e9sident am\u00e9ricain.<\/p>\n<p class=\"ap-StoryElement ap-StoryElement--mb ap-StoryText\">Bruxelles a \u00e9galement \u00ab\u00a0fermement r\u00e9fut\u00e9\u00a0\u00bb l&rsquo;accusation selon laquelle les entreprises am\u00e9ricaines \u00e9taient d\u00e9lib\u00e9r\u00e9ment vis\u00e9es par ses r\u00e8gles sur le num\u00e9rique.<\/p>\n<p class=\"ap-StoryElement ap-StoryElement--mb ap-StoryText\">En introduisant la DST, Londres disait constater, pour les entreprises du num\u00e9rique, \u00ab\u00a0un d\u00e9calage entre le lieu d&rsquo;imposition des b\u00e9n\u00e9fices et celui de cr\u00e9ation de valeur\u00a0\u00bb.<\/p>\n<p class=\"ap-StoryElement ap-StoryElement--mb ap-StoryText\">Cette taxe rapporte environ 800 millions de livres (925 millions d&rsquo;euros) par an au budget britannique.<\/p>\n<p><a href=\"https:\/\/www.lalibre.be\/international\/europe\/2025\/06\/11\/londres-et-lue-scellent-un-accord-de-libre-circulation-post-brexit-HJHPGLOYWVBBXJMX2AVWRYGNFU\/\" target=\"_blank\" rel=\"noopener noreferrer\" class=\"ap-StoryInterstitialLink ap-StoryElement ap-StoryElement--mb\">Londres et l&rsquo;UE scellent un accord de libre circulation post-Brexit<\/a><\/p>\n","protected":false},"excerpt":{"rendered":"Introduite en 2020, la DST est une taxe de 2% sur le chiffre d&rsquo;affaires r\u00e9alis\u00e9 par les g\u00e9ants&hellip;\n","protected":false},"author":2,"featured_media":337970,"comment_status":"","ping_status":"","sticky":false,"template":"","format":"standard","meta":{"footnotes":""},"categories":[1588],"tags":[11,215,312,75,1777,674,526,6228,418,311,310,12,473,1853,1778,1851,1850,1852,308],"class_list":{"0":"post-346436","1":"post","2":"type-post","3":"status-publish","4":"format-standard","5":"has-post-thumbnail","7":"category-royaume-uni","8":"tag-actualites","9":"tag-commerce","10":"tag-diplomatie","11":"tag-donald-trump","12":"tag-eu","13":"tag-europe","14":"tag-fiscalite","15":"tag-gb","16":"tag-gouvernement","17":"tag-informatique","18":"tag-internet","19":"tag-news","20":"tag-royaume-uni","21":"tag-royaume-uni-de-grande-bretagne-et-dirlande-du-nord","22":"tag-ue","23":"tag-uk","24":"tag-united-kingdom","25":"tag-united-kingdom-of-great-britain-and-northern-ireland","26":"tag-usa"},"share_on_mastodon":{"url":"https:\/\/pubeurope.com\/@fr\/115098055122928737","error":""},"_links":{"self":[{"href":"https:\/\/www.europesays.com\/fr\/wp-json\/wp\/v2\/posts\/346436","targetHints":{"allow":["GET"]}}],"collection":[{"href":"https:\/\/www.europesays.com\/fr\/wp-json\/wp\/v2\/posts"}],"about":[{"href":"https:\/\/www.europesays.com\/fr\/wp-json\/wp\/v2\/types\/post"}],"author":[{"embeddable":true,"href":"https:\/\/www.europesays.com\/fr\/wp-json\/wp\/v2\/users\/2"}],"replies":[{"embeddable":true,"href":"https:\/\/www.europesays.com\/fr\/wp-json\/wp\/v2\/comments?post=346436"}],"version-history":[{"count":0,"href":"https:\/\/www.europesays.com\/fr\/wp-json\/wp\/v2\/posts\/346436\/revisions"}],"wp:featuredmedia":[{"embeddable":true,"href":"https:\/\/www.europesays.com\/fr\/wp-json\/wp\/v2\/media\/337970"}],"wp:attachment":[{"href":"https:\/\/www.europesays.com\/fr\/wp-json\/wp\/v2\/media?parent=346436"}],"wp:term":[{"taxonomy":"category","embeddable":true,"href":"https:\/\/www.europesays.com\/fr\/wp-json\/wp\/v2\/categories?post=346436"},{"taxonomy":"post_tag","embeddable":true,"href":"https:\/\/www.europesays.com\/fr\/wp-json\/wp\/v2\/tags?post=346436"}],"curies":[{"name":"wp","href":"https:\/\/api.w.org\/{rel}","templated":true}]}}