{"id":346437,"date":"2025-08-27T01:08:23","date_gmt":"2025-08-27T01:08:23","guid":{"rendered":"https:\/\/www.europesays.com\/fr\/346437\/"},"modified":"2025-08-27T01:08:23","modified_gmt":"2025-08-27T01:08:23","slug":"lallemagne-et-le-canada-unissent-leurs-forces-pour-lapprovisionnement-en-mineraux-essentiels-business-am","status":"publish","type":"post","link":"https:\/\/www.europesays.com\/fr\/346437\/","title":{"rendered":"L&rsquo;Allemagne et le Canada unissent leurs forces pour l&rsquo;approvisionnement en min\u00e9raux essentiels &#8211; Business AM"},"content":{"rendered":"<p>                    <img decoding=\"async\" style=\"aspect-ratio:16\/9\" src=\"https:\/\/www.europesays.com\/fr\/wp-content\/uploads\/2025\/08\/GettyImages-2229013144-1.jpg\" width=\"100%\" loading=\"eager\"\/><\/p>\n<p>                            <a href=\"https:\/\/fr.businessam.be\/author\/redactie\/\" class=\"author-thumbnail\" style=\"border: 2px inset #00000099;\" target=\"_blank\" rel=\"noopener\"><img loading=\"lazy\" decoding=\"async\" src=\"https:\/\/www.europesays.com\/fr\/wp-content\/uploads\/2025\/08\/1756256903_225_cropped-favicon-192x192.png\" width=\"80\" height=\"80\" alt=\"Business AM\"\/><\/a>\ue05bpar <a href=\"https:\/\/fr.businessam.be\/author\/redactie\/\" target=\"_blank\" rel=\"noopener\">Business AM<\/a><br \/>\ue010publi\u00e9 le mardi 26 ao\u00fbt 2025 \u00e0 18:32 \u2022 <br \/>\ue00c2 min de lecture<\/p>\n<p>Principaux renseignements<\/p>\n<ul class=\"wp-block-list\">\n<li><strong>L\u2019Allemagne et le Canada vont coop\u00e9rer afin de garantir l\u2019approvisionnement en min\u00e9raux essentiels.<\/strong><\/li>\n<li><strong>Ce partenariat vise \u00e0 d\u00e9velopper des technologies interm\u00e9diaires pour le traitement, le raffinage et le recyclage.<\/strong><\/li>\n<li><strong>Les projets seront financ\u00e9s par des sources publiques et priv\u00e9es.<\/strong><\/li>\n<\/ul>\n<p>Pr\u00e9occup\u00e9s par les perturbations de la cha\u00eene d\u2019approvisionnement mondiale et <a href=\"https:\/\/fr.businessam.be\/chine-limite-exportation-mineraux-cruciaux\/\" target=\"_blank\" rel=\"noopener\">la domination de la Chine dans le domaine des min\u00e9raux essentiels<\/a>, l\u2019Allemagne et le Canada ont renforc\u00e9 leur coop\u00e9ration dans ce secteur crucial. Ces min\u00e9raux, parmi lesquels le lithium, le cuivre et le nickel, sont des composants essentiels pour l\u2019industrie de la d\u00e9fense, les initiatives en mati\u00e8re d\u2019\u00e9nergie propre et les processus de production de pointe dans les deux pays.<\/p>\n<p>La ministre allemande de l\u2019\u00c9conomie, Katherina Reiche, et le ministre canadien de l\u2019\u00c9nergie et des Ressources naturelles, Tim Hodgson, ont reconnu l\u2019urgence de diversifier les sources et de renforcer les cha\u00eenes d\u2019approvisionnement. Ils ont sign\u00e9 une d\u00e9claration dans laquelle ils exposent leur engagement commun.<\/p>\n<p>Projets communs<\/p>\n<p>L\u2019accord porte sur le d\u00e9veloppement de technologies interm\u00e9diaires essentielles au traitement, au raffinage et au recyclage des min\u00e9raux critiques. L\u2019Allemagne et le Canada coordonneront leurs efforts dans le cadre de projets communs. Ceux-ci seront financ\u00e9s par des investissements publics et priv\u00e9s. Le partenariat vise \u00e9galement \u00e0 renforcer les liens commerciaux et la coop\u00e9ration en mati\u00e8re de recherche.<\/p>\n<p>Il est important de noter que cet accord n\u2019est pas juridiquement contraignant et n\u2019impose aucune obligation financi\u00e8re sp\u00e9cifique. Le financement des activit\u00e9s de coop\u00e9ration d\u00e9pendra des ressources disponibles et du respect des lois et r\u00e9glementations nationales de chaque pays. (fc)<\/p>\n","protected":false},"excerpt":{"rendered":"\ue05bpar Business AM\ue010publi\u00e9 le mardi 26 ao\u00fbt 2025 \u00e0 18:32 \u2022 \ue00c2 min de lecture Principaux renseignements L\u2019Allemagne&hellip;\n","protected":false},"author":2,"featured_media":346438,"comment_status":"","ping_status":"","sticky":false,"template":"","format":"standard","meta":{"footnotes":""},"categories":[1587],"tags":[11,672,1804,574,1805,1803,1777,674,1801,5490,12,1802],"class_list":{"0":"post-346437","1":"post","2":"type-post","3":"status-publish","4":"format-standard","5":"has-post-thumbnail","7":"category-allemagne","8":"tag-actualites","9":"tag-allemagne","10":"tag-bundesrepublik-deutschland","11":"tag-canada","12":"tag-de","13":"tag-deutschland","14":"tag-eu","15":"tag-europe","16":"tag-germany","17":"tag-mineraux","18":"tag-news","19":"tag-republique-federale-dallemagne"},"share_on_mastodon":{"url":"https:\/\/pubeurope.com\/@fr\/115098059102561601","error":""},"_links":{"self":[{"href":"https:\/\/www.europesays.com\/fr\/wp-json\/wp\/v2\/posts\/346437","targetHints":{"allow":["GET"]}}],"collection":[{"href":"https:\/\/www.europesays.com\/fr\/wp-json\/wp\/v2\/posts"}],"about":[{"href":"https:\/\/www.europesays.com\/fr\/wp-json\/wp\/v2\/types\/post"}],"author":[{"embeddable":true,"href":"https:\/\/www.europesays.com\/fr\/wp-json\/wp\/v2\/users\/2"}],"replies":[{"embeddable":true,"href":"https:\/\/www.europesays.com\/fr\/wp-json\/wp\/v2\/comments?post=346437"}],"version-history":[{"count":0,"href":"https:\/\/www.europesays.com\/fr\/wp-json\/wp\/v2\/posts\/346437\/revisions"}],"wp:featuredmedia":[{"embeddable":true,"href":"https:\/\/www.europesays.com\/fr\/wp-json\/wp\/v2\/media\/346438"}],"wp:attachment":[{"href":"https:\/\/www.europesays.com\/fr\/wp-json\/wp\/v2\/media?parent=346437"}],"wp:term":[{"taxonomy":"category","embeddable":true,"href":"https:\/\/www.europesays.com\/fr\/wp-json\/wp\/v2\/categories?post=346437"},{"taxonomy":"post_tag","embeddable":true,"href":"https:\/\/www.europesays.com\/fr\/wp-json\/wp\/v2\/tags?post=346437"}],"curies":[{"name":"wp","href":"https:\/\/api.w.org\/{rel}","templated":true}]}}