{"id":346439,"date":"2025-08-27T01:09:10","date_gmt":"2025-08-27T01:09:10","guid":{"rendered":"https:\/\/www.europesays.com\/fr\/346439\/"},"modified":"2025-08-27T01:09:10","modified_gmt":"2025-08-27T01:09:10","slug":"anker-lance-une-nouvelle-version-de-son-chargeur-compact-en-europe","status":"publish","type":"post","link":"https:\/\/www.europesays.com\/fr\/346439\/","title":{"rendered":"Anker lance une nouvelle version de son chargeur compact en Europe"},"content":{"rendered":"<p class=\"bodytext\">Une nouvelle version du chargeur Anker Nano (45W) est en route pour l&rsquo;Europe. Cet accessoire <a href=\"http:\/\/www.notebookcheck.net\/New-Anker-Nano-Charger-45W-compact-accessory-now-available.982965.0.html\" target=\"_self\" class=\"internal-link\" rel=\"nofollow noopener\">a \u00e9t\u00e9 lanc\u00e9 dans plusieurs pays au d\u00e9but de l&rsquo;ann\u00e9e<\/a>et une <a href=\"http:\/\/www.notebookcheck.net\/Anker-s-new-single-port-45W-Nano-charger-with-ActiveShield-3-0-lands-in-China-in-more-attractive-colors.1010391.0.html\" target=\"_self\" class=\"internal-link\" rel=\"nofollow noopener\">nouveau coloris or<\/a> a depuis \u00e9t\u00e9 commercialis\u00e9e en Chine.<br \/>&#13;<\/p>\n<p class=\"bodytext\">En Europe, l&rsquo;Anker Nano Charger (45W) \u00e9tait initialement disponible en noir. Aujourd&rsquo;hui, un mod\u00e8le blanc a \u00e9t\u00e9 r\u00e9f\u00e9renc\u00e9 sur Amazon en Allemagne. Son prix de vente conseill\u00e9 est de <a href=\"https:\/\/www.amazon.de\/-\/en\/Charger-Compact-Charging-Samsung-Included-White\/dp\/B0FH6WFL66\/r?tag=notebookcheck-news-de-21\" target=\"_blank\" rel=\"sponsored nofollow noopener\" class=\"external-link-new-window\">29,99 \u20ac<\/a>, comme celui de la version noire, mais il est \u00ab\u00a0temporairement en rupture de stock\u00a0\u00bb, sans indication quant \u00e0 la date d&rsquo;exp\u00e9dition. Cette variante blanche est d\u00e9j\u00e0 disponible aux \u00c9tats-Unis, o\u00f9 elle est vendue au prix de 34,99 $<a href=\"https:\/\/www.amazon.com\/Anker-Charger-Charging-Foldable-Included\/dp\/B0DZ6RWT1W?tag=nbcnewsnet-20\" target=\"_blank\" rel=\"sponsored nofollow noopener\" class=\"external-link-new-window\">(19,99 $ actuellement sur Amazon<\/a>).<br \/>&#13;<\/p>\n<p class=\"bodytext\">Le chargeur Nano (45W), \u00e9galement connu sous le nom de mod\u00e8le B2692, est con\u00e7u pour charger les smartphones Samsung. L&rsquo;unique port USB-C offre une sortie allant jusqu&rsquo;\u00e0 45W, avec la prise en charge de la charge super rapide de Samsung. Selon Anker, vous devriez \u00eatre en mesure de charger un smartphone Samsung <a href=\"http:\/\/www.notebookcheck.net\/Samsung-Galaxy-S25-Ultra-review-The-AI-phone-relies-fully-on-artificial-intelligence-and-small-hardware-upgrades.968346.0.html\" target=\"_self\" class=\"internal-link\" rel=\"nofollow noopener\">Samsung S25 Ultra<\/a> \u00e0 50 % en 20 minutes.<br \/>&#13;<\/p>\n<p class=\"bodytext\">Cependant, les clients qui ont achet\u00e9 l&rsquo;appareil plus t\u00f4t cette ann\u00e9e ont not\u00e9 que les plages PPS prises en charge de 11V 5A et 21V 2,25A signifiaient que la sortie maximale \u00e9tait de 30W lors de la charge d&rsquo;un Samsung S25+ <a href=\"http:\/\/www.notebookcheck.net\/Samsung-Galaxy-S25-review-Still-one-of-the-best-Android-smartphones-despite-an-innovation-standstill.978765.0.html\" target=\"_self\" class=\"internal-link\" rel=\"nofollow noopener\">Samsung S25+<\/a> ou S25 Ultra. Depuis, Anker semble avoir publi\u00e9 une version mise \u00e0 jour <a href=\"https:\/\/www.amazon.co.uk\/Anker-Charging-Charger-Foldable-Included-Black\/dp\/B0DPR2VYQF\" target=\"_blank\" class=\"external-link-new-window\" rel=\"nofollow noopener\">de ce produit<\/a> prenant en charge la gamme 16V 3A PPS, ce qui signifie que les utilisateurs de S25+ et S25 Ultra peuvent profiter de la charge maximale de 45W. Malheureusement, la liste d&rsquo;Amazon Allemagne ne pr\u00e9cise pas si cette version blanche prend en charge la gamme 16V 3A PPS.<br \/>&#13;<\/p>\n<p class=\"bodytext\">Cet accessoire compact mesure 1,30 x 1,26 x 1,45 pouces (~3,3 x 3,2 x 3,7 cm) et p\u00e8se 1,83 oz (~52 g). On ne sait pas encore si le chargeur Anker Nano (45W) blanc sera disponible dans d&rsquo;autres pays europ\u00e9ens, ni quand il le sera. <\/p>\n","protected":false},"excerpt":{"rendered":"Une nouvelle version du chargeur Anker Nano (45W) est en route pour l&rsquo;Europe. Cet accessoire a \u00e9t\u00e9 lanc\u00e9&hellip;\n","protected":false},"author":2,"featured_media":346440,"comment_status":"","ping_status":"","sticky":false,"template":"","format":"standard","meta":{"footnotes":""},"categories":[1586],"tags":[11,48253,48251,48250,48249,48248,48252,48254,1777,674,1011,27,9412,12,1113,5747,25,9411,374],"class_list":{"0":"post-346439","1":"post","2":"type-post","3":"status-publish","4":"format-standard","5":"has-post-thumbnail","7":"category-europe","8":"tag-actualites","9":"tag-anker","10":"tag-anker-charger","11":"tag-anker-nano-45w-type-c-charger","12":"tag-anker-nano-charger","13":"tag-anker-nano-charger-45w","14":"tag-anker-usb-c-charger","15":"tag-b2692","16":"tag-eu","17":"tag-europe","18":"tag-fr","19":"tag-france","20":"tag-informations-sur-des-ordinateurs-portatifs","21":"tag-news","22":"tag-nouvelles","23":"tag-rapport","24":"tag-republique-francaise","25":"tag-revues","26":"tag-test"},"share_on_mastodon":{"url":"https:\/\/pubeurope.com\/@fr\/115098062980185612","error":""},"_links":{"self":[{"href":"https:\/\/www.europesays.com\/fr\/wp-json\/wp\/v2\/posts\/346439","targetHints":{"allow":["GET"]}}],"collection":[{"href":"https:\/\/www.europesays.com\/fr\/wp-json\/wp\/v2\/posts"}],"about":[{"href":"https:\/\/www.europesays.com\/fr\/wp-json\/wp\/v2\/types\/post"}],"author":[{"embeddable":true,"href":"https:\/\/www.europesays.com\/fr\/wp-json\/wp\/v2\/users\/2"}],"replies":[{"embeddable":true,"href":"https:\/\/www.europesays.com\/fr\/wp-json\/wp\/v2\/comments?post=346439"}],"version-history":[{"count":0,"href":"https:\/\/www.europesays.com\/fr\/wp-json\/wp\/v2\/posts\/346439\/revisions"}],"wp:featuredmedia":[{"embeddable":true,"href":"https:\/\/www.europesays.com\/fr\/wp-json\/wp\/v2\/media\/346440"}],"wp:attachment":[{"href":"https:\/\/www.europesays.com\/fr\/wp-json\/wp\/v2\/media?parent=346439"}],"wp:term":[{"taxonomy":"category","embeddable":true,"href":"https:\/\/www.europesays.com\/fr\/wp-json\/wp\/v2\/categories?post=346439"},{"taxonomy":"post_tag","embeddable":true,"href":"https:\/\/www.europesays.com\/fr\/wp-json\/wp\/v2\/tags?post=346439"}],"curies":[{"name":"wp","href":"https:\/\/api.w.org\/{rel}","templated":true}]}}