{"id":34644,"date":"2025-04-18T18:23:17","date_gmt":"2025-04-18T18:23:17","guid":{"rendered":"https:\/\/www.europesays.com\/fr\/34644\/"},"modified":"2025-04-18T18:23:17","modified_gmt":"2025-04-18T18:23:17","slug":"les-5-ecrivaines-a-lire-ce-printemps","status":"publish","type":"post","link":"https:\/\/www.europesays.com\/fr\/34644\/","title":{"rendered":"Les 5 \u00e9crivaines \u00e0 lire ce printemps"},"content":{"rendered":"<p>La qu\u00eate de soi chez <strong>Deborah Levy<\/strong>, la dystopie f\u00e9ministe et gla\u00e7ante de <strong>Jacqueline Harpman<\/strong>, la passionnante r\u00e9flexion de <strong>Claire Berest<\/strong> sur l&rsquo;affaire <a href=\"https:\/\/www.vogue.fr\/article\/pourquoi-lhistoire-de-gisele-pelicot-victime-du-proces-des-viols-de-mazan-a-un-impact-fondamental-sur-notre-societe\" target=\"_blank\" rel=\"noopener\">Gis\u00e8le P\u00e9licot<\/a>, la sororit\u00e9 faite roman de <strong>Chimamanda Ngozi Adichie<\/strong>, l&rsquo;autobiographie d&rsquo;<strong>Alice Carri\u00e8re<\/strong>\u2026 Les femmes qui \u00e9crivent sont dangereuses, dit-on. Elles signent surtout les plus beaux livres de ce d\u00e9but de printemps.<\/p>\n<p>La chair des autres de Claire Berest<\/p>\n<p>\u201cLe malheur inflig\u00e9 \u00e0 Gis\u00e8le P\u00e9licot a tu\u00e9 d\u2019un coup tout destin, mais aussi tout son pass\u00e9. Et cette chair abras\u00e9e, apr\u00e8s presque quatre ann\u00e9es de souffrances que l\u2019on peine \u00e0 imaginer, est n\u00e9e \u00e0 nouveau. Comment s\u2019est op\u00e9r\u00e9e cette bascule\u00a0?\u201d<\/p>\n<p>Si vous avez lu l\u2019excellent Vivre avec les hommes de <strong>Manon Garcia<\/strong>, qui aborde les proc\u00e8s des viols de Mazan d\u2019un point de vue <a href=\"https:\/\/www.vogue.fr\/article\/livre-quartet-oxford-philosophie-feminisme\" target=\"_blank\" rel=\"noopener\">socio-philosophique<\/a>, ne vous privez pas non plus du nouveau livre de la romanci\u00e8re <a href=\"https:\/\/www.vogue.fr\/culture\/a-lire\/diaporama\/livres-sur-lamour-a-offrir-en-cadeaux-a-son-amoureux-pour-noel\/47781\" target=\"_blank\" rel=\"noopener\">Claire Berest.<\/a> Elle aussi a suivi ces audiences \u00e9prouvantes et s\u2019est interrog\u00e9e sur ce qui a conduit ces hommes, <strong>Dominique P\u00e9licot<\/strong> en t\u00eate, \u00e0 commettre de tels crimes. Convoquant comme sa cons\u0153ur <strong>Manon Garcia<\/strong>, mais d&rsquo;une autre perspective, les \u00e9crits d\u2019<strong>Hannah Arendt<\/strong> (car la banalit\u00e9 du mal aura souvent \u00e9t\u00e9 cit\u00e9e durant ces proc\u00e8s), <strong>Claire Berest<\/strong> nous rapporte, avec une \u00e9criture intense et pragmatique \u00e0 la fois, ce qui la rend tr\u00e8s intelligible et assez addictive, ce que subit la chair des autres. Et ce d\u00e8s le premier chapitre, o\u00f9 l\u2019un des accus\u00e9s se heurte \u00e0 un mur de g\u00eane et de silence \u00e0 la machine \u00e0 caf\u00e9\u2026 Une brillante r\u00e9flexion.<\/p>\n<p id=\"upc_680104ccbdecb1c189f09cc5\" type=\"embed\" class=\"BaseWrap-sc-gjQpdd BaseText-ewhhUZ UnifiedProductCardName-jnQGSN iUEiRd qICFz vJQvI\">Claire Berest &#8211; La chair des autres<\/p>\n<p>Bleu d\u2019ao\u00fbt de Deborah Levy<\/p>\n<p>\u201cIl est si abject d\u2019exprimer la solitude que j\u2019ai en moi. Je ne suis pas s\u00fbre de pouvoir m\u2019emparer de cette libert\u00e9 pour trouver un langage musical qui la r\u00e9v\u00e8le. Apr\u00e8s tout, j\u2019ai appris \u00e0 la dissimuler.\u201d<\/p>\n<p>Elsa M. Anderson est une pianiste virtuose qui, quelques saisons plus t\u00f4t, a rat\u00e9 un concert \u2013 du moins, c\u2019est ce qu\u2019elle pense. Apr\u00e8s des ann\u00e9es pass\u00e9es \u00e0 se d\u00e9vouer totalement \u00e0 son instrument, elle d\u00e9cide, \u00e0 34 ans, de prendre la tangente. Alors qu\u2019elle jette son d\u00e9volu sur des chevaux me\u0301caniques lors d\u2019une vir\u00e9e dans le marche\u0301 aux puces d\u2019<a href=\"https:\/\/www.vogue.fr\/lifestyle\/article\/athenes-adresses\" target=\"_blank\" rel=\"noopener\">Athe\u0300nes<\/a>, une femme qui pourrait \u00eatre son double les ach\u00e8te avant elle. Et elle va la croiser \u00e0 nouveau \u00e0 Paris, tandis que ses liens avec son mentor pianistique se distendent\u2026 Renouant avec un format purement romanesque (m\u00eame si elle y a mis, sans aucun doute, beaucoup d\u2019elle-m\u00eame) apr\u00e8s avoir \u00e9t\u00e9 surtout appr\u00e9ci\u00e9e pour son \u0153uvre auto-fictionnelle, <a href=\"https:\/\/www.vogue.fr\/article\/deborah-levy-nouveau-livre-interview\" target=\"_blank\" rel=\"noopener\">Deborah Levy<\/a> revient avec un Bleu d\u2019ao\u00fbt plus bouleversant qu\u2019il n\u2019y para\u00eet, qui confirme sa place parmi les \u00e9crivaines les plus talentueuses de sa g\u00e9n\u00e9ration.<\/p>\n<p id=\"upc_680106d83394c93ca172a8fc\" type=\"embed\" class=\"BaseWrap-sc-gjQpdd BaseText-ewhhUZ UnifiedProductCardName-jnQGSN iUEiRd qICFz vJQvI\">Deborah Levy &#8211; Bleu d\u2019ao\u00fbt<\/p>\n<p>L\u2019Inventaire des r\u00eaves de Chimamanda Ngozi Adichie<\/p>\n<p>\u201cJe d\u00e9plorais le temps perdu \u00e0 esp\u00e9rer que ce que je poss\u00e9dais se transformerait en prodige. Je d\u00e9plorais un fait dont j\u2019ignorais m\u00eame la plausibilit\u00e9, \u00e0 savoir que j\u2019\u00e9tais peut-\u00eatre pass\u00e9e \u00e0 c\u00f4t\u00e9 de\u00a0quelqu\u2019un qui m\u2019aurait sans doute non seulement aim\u00e9e, mais aussi connue telle que je suis vraiment.\u201d<\/p>\n","protected":false},"excerpt":{"rendered":"La qu\u00eate de soi chez Deborah Levy, la dystopie f\u00e9ministe et gla\u00e7ante de Jacqueline Harpman, la passionnante r\u00e9flexion&hellip;\n","protected":false},"author":2,"featured_media":34645,"comment_status":"","ping_status":"","sticky":false,"template":"","format":"standard","meta":{"footnotes":""},"categories":[1357],"tags":[11,1379,58,59,6757,1011,27,1380],"class_list":{"0":"post-34644","1":"post","2":"type-post","3":"status-publish","4":"format-standard","5":"has-post-thumbnail","7":"category-livres","8":"tag-actualites","9":"tag-books","10":"tag-divertissement","11":"tag-entertainment","12":"tag-feminisme","13":"tag-fr","14":"tag-france","15":"tag-livres"},"share_on_mastodon":{"url":"https:\/\/pubeurope.com\/@fr\/114360366116723387","error":""},"_links":{"self":[{"href":"https:\/\/www.europesays.com\/fr\/wp-json\/wp\/v2\/posts\/34644","targetHints":{"allow":["GET"]}}],"collection":[{"href":"https:\/\/www.europesays.com\/fr\/wp-json\/wp\/v2\/posts"}],"about":[{"href":"https:\/\/www.europesays.com\/fr\/wp-json\/wp\/v2\/types\/post"}],"author":[{"embeddable":true,"href":"https:\/\/www.europesays.com\/fr\/wp-json\/wp\/v2\/users\/2"}],"replies":[{"embeddable":true,"href":"https:\/\/www.europesays.com\/fr\/wp-json\/wp\/v2\/comments?post=34644"}],"version-history":[{"count":0,"href":"https:\/\/www.europesays.com\/fr\/wp-json\/wp\/v2\/posts\/34644\/revisions"}],"wp:featuredmedia":[{"embeddable":true,"href":"https:\/\/www.europesays.com\/fr\/wp-json\/wp\/v2\/media\/34645"}],"wp:attachment":[{"href":"https:\/\/www.europesays.com\/fr\/wp-json\/wp\/v2\/media?parent=34644"}],"wp:term":[{"taxonomy":"category","embeddable":true,"href":"https:\/\/www.europesays.com\/fr\/wp-json\/wp\/v2\/categories?post=34644"},{"taxonomy":"post_tag","embeddable":true,"href":"https:\/\/www.europesays.com\/fr\/wp-json\/wp\/v2\/tags?post=34644"}],"curies":[{"name":"wp","href":"https:\/\/api.w.org\/{rel}","templated":true}]}}