{"id":346441,"date":"2025-08-27T01:10:17","date_gmt":"2025-08-27T01:10:17","guid":{"rendered":"https:\/\/www.europesays.com\/fr\/346441\/"},"modified":"2025-08-27T01:10:17","modified_gmt":"2025-08-27T01:10:17","slug":"des-garde-cotes-libyens-formes-et-equipes-par-lunion-europeenne-tirent-sur-le-navire-dune-ong-qui-secourt-des-migrants","status":"publish","type":"post","link":"https:\/\/www.europesays.com\/fr\/346441\/","title":{"rendered":"Des garde-c\u00f4tes libyens form\u00e9s et \u00e9quip\u00e9s par l&rsquo;Union europ\u00e9enne tirent sur le navire d&rsquo;une ONG qui secourt des migrants"},"content":{"rendered":"<p class=\"ap-StoryElement ap-StoryElement--mb js-paywall-target ap-StoryText\">Dans l&rsquo;apr\u00e8s-midi du 24, l&rsquo;Ocean Viking se trouve dans les eaux internationales, \u00e0 40 miles nautiques des c\u00f4tes libyennes, quand il voit arriver un bateau se dirigeant vers lui \u00e0 vive allure. Il s&rsquo;agit d&rsquo;un patrouilleur Corrubia, tel que ceux offerts par l&rsquo;Italie \u00e0 la Libye en 2017 pour appuyer sa mission d&rsquo;interception des migrants cherchant \u00e0 gagner l&rsquo;Union europ\u00e9enne (UE). Il porte sur le flanc l&rsquo;inscription \u00ab\u00a0gardes-c\u00f4tes libyens\u00a0\u00bb et arbore le drapeau du pays.<\/p>\n<p><img loading=\"lazy\" decoding=\"async\" class=\"w-full lazyload lazyload--opacity object-contain\" style=\"aspect-ratio:150 \/ 100;opacity:1\" alt=\"Le bateau des garde-c\u00f4tes libyens : un patrouilleur Corrubia, offert par l'Italie.\" width=\"768\" height=\"512\" fetchpriority=\"auto\" src=\"https:\/\/www.europesays.com\/fr\/wp-content\/uploads\/2025\/04\/S5VKD3X55FFF3BW6V4SEHXNP7I.png\"  data- data-optimumx=\"1\"\/>Le bateau des garde-c\u00f4tes libyens : un patrouilleur Corrubia, offert par l&rsquo;Italie. \u00a9Max Cavallari \/ SOS M\u00e9diterran\u00e9e<\/p>\n<p class=\"ap-StoryElement ap-StoryElement--mb ap-StoryText\">Une fois le contact radiophonique \u00e9tabli, les gardes-c\u00f4tes libyens intiment \u00e0 l&rsquo;Ocean Viking l&rsquo;ordre de s&rsquo;\u00e9loigner, dans un anglais approximatif et peu compr\u00e9hensible. \u00ab\u00a0Nous allons vers un cas en d\u00e9tresse, vos autorit\u00e9s en sont inform\u00e9es\u00a0\u00bb, r\u00e9pond le chef de mission du navire de l&rsquo;ONG.<\/p>\n<p class=\"ap-StoryElement ap-StoryElement--mb ap-StoryText\">\u00ab\u00a0\u00c0 ce moment-l\u00e0, je suis en train de regarder avec les jumelles, et je vois qu&rsquo;il y a bord de ce bateau deux personnes dont le visage est cach\u00e9 par un masque bleu contre le Covid, en train de pointer des armes vers nous\u00a0\u00bb, raconte \u00e0 La Libre Lucille Guenier, coordinatrice de la communication \u00e0 bord de l&rsquo;Ocean Viking.<\/p>\n<p><a href=\"https:\/\/www.lalibre.be\/videos\/2025\/02\/17\/la-mer-cimetiere-reportage-avec-sos-mediterranee-xm3rqzk\/\" target=\"_blank\" rel=\"noopener noreferrer nofollow\" class=\"ap-StoryInterstitialLink ap-StoryElement ap-StoryElement--mb\">La \u00ab\u00a0mer cimeti\u00e8re\u00a0\u00bb : reportage \u00e0 bord du SOS M\u00e9diterran\u00e9e<\/a>Tirs sur la passerelle et les \u00e9quipements de sauvetage<\/p>\n<p class=\"ap-StoryElement ap-StoryElement--mb ap-StoryText\">Pressentant le danger, le chef de mission avait d\u00e9j\u00e0 fait mettre en lieu s\u00fbr les personnes rescap\u00e9es et annonce alors aux sept personnes qui l&rsquo;entourent que le bateau va rebrousser chemin. L&rsquo;instant d&rsquo;apr\u00e8s, sans avertissement ni sommation, les gardes-c\u00f4tes ouvrent le feu. Un impact de balle frappe, \u00e0 tribord, la porte de la passerelle du bateau, l&rsquo;endroit d&rsquo;o\u00f9 sont men\u00e9es les op\u00e9rations de navigation, for\u00e7ant celles et ceux qui l&rsquo;occupent \u00e0 se coucher \u00e0 plat ventre. \u00ab\u00a0\u00c0 partir de l\u00e0, ils vont tirer sur nous en rafales. les balles cassent les fen\u00eatres, transpercent les murs\u00a0\u00bb, poursuit Lucille Guenier. \u00ab\u00a0Ils ont vu qu&rsquo;il y avait des gens sur la passerelle, leur intention \u00e9tait de tuer.\u00a0\u00bb<\/p>\n<p><img loading=\"lazy\" decoding=\"async\" class=\"w-full lazyload lazyload--opacity object-contain\" style=\"aspect-ratio:150 \/ 100;opacity:1\" alt=\"Les vitres de la passerelle de l'Ocean Viking ont \u00e9t\u00e9 transperc\u00e9es par les balles tir\u00e9es par les garde-c\u00f4tes libyens.\" width=\"768\" height=\"512\" fetchpriority=\"auto\" src=\"https:\/\/www.europesays.com\/fr\/wp-content\/uploads\/2025\/04\/S5VKD3X55FFF3BW6V4SEHXNP7I.png\"  data- data-optimumx=\"1\"\/>Les vitres de la passerelle de l&rsquo;Ocean Viking ont \u00e9t\u00e9 transperc\u00e9es par les balles tir\u00e9es par les garde-c\u00f4tes libyens. \u00a9Max Cavallari<\/p>\n<p class=\"ap-StoryElement ap-StoryElement--mb ap-StoryText\">Le bateau des gardes-c\u00f4tes va ensuite tourner autour de l&rsquo;Ocean Viking, qu&rsquo;il crible de balles. Les tirs \u00e9ventrent les canots, outils indispensables aux missions de sauvetage. \u00ab\u00a0Le but, c&rsquo;est d&rsquo;endommager le bateau. Ils ont vis\u00e9 tous ces \u00e9l\u00e9ments \u00e0 l&rsquo;ext\u00e9rieur, tr\u00e8s visibles. Tout cela a un co\u00fbt \u00e9norme et on ne peut pas encore dire quand nous pourrons \u00e0 nouveau \u00eatre op\u00e9rationnels\u00a0\u00bb, soupire la responsable de la communication de l&rsquo;Ocean Viking. L&rsquo;assaut, partiellement capt\u00e9 par les cam\u00e9ras de vid\u00e9osurveillance, a dur\u00e9 au moins 20 minutes, peut-\u00eatre 30.<\/p>\n<p>Pas une premi\u00e8re, mais une violence in\u00e9dite<\/p>\n<p class=\"ap-StoryElement ap-StoryElement--mb ap-StoryText\">Ce n&rsquo;est pas la premi\u00e8re fois que des incidents impliquant des gardes-c\u00f4tes libyens se produisent. En 2022 et 2023, il y a d\u00e9j\u00e0 eu des man\u0153uvres d&rsquo;intimidation, des menaces, des tirs en l&rsquo;air, m\u00eame pendant des op\u00e9rations sauvetages. \u00ab\u00a0L\u00e0, on a atteint un niveau de violence jamais vu dans les op\u00e9rations d&rsquo;ONG en M\u00e9diterran\u00e9e, o\u00f9 l&rsquo;intention de tuer est claire et nette. Nous avons eu tr\u00e8s tr\u00e8s peur, nous sommes vraiment sous le choc\u00a0\u00bb, commente Lucille Guenier.<\/p>\n<p><img loading=\"lazy\" decoding=\"async\" class=\"w-full lazyload lazyload--opacity object-contain\" style=\"aspect-ratio:75 \/ 100;opacity:1\" alt=\"Les tirs des gardes-c\u00f4tes libyens ont rendu les canots de sauvetage de l'Ocean Viking inutilisables.\" width=\"768\" height=\"1024\" fetchpriority=\"auto\" src=\"https:\/\/www.europesays.com\/fr\/wp-content\/uploads\/2025\/04\/S5VKD3X55FFF3BW6V4SEHXNP7I.png\"  data- data-optimumx=\"1\"\/>Les tirs des gardes-c\u00f4tes libyens ont rendu les canots de sauvetage de l&rsquo;Ocean Viking inutilisables. \u00a9Max Cavallari<\/p>\n<p class=\"ap-StoryElement ap-StoryElement--mb ap-StoryText\">La peur a c\u00e9d\u00e9 la place \u00e0 la col\u00e8re. L&rsquo;Ocean Viking a \u00e9t\u00e9 attaqu\u00e9 par \u00ab\u00a0un patrouilleur et des gens qui ont \u00e9t\u00e9 form\u00e9s par l&rsquo;Union europ\u00e9enne (UE), pay\u00e9s par nos imp\u00f4ts\u00a0\u00bb, cingle Lucille Guenier. Depuis 2015, l&rsquo;UE apporte en effet \u00e0 la Libye un soutien financier et logistique pour que cette derni\u00e8re contribue \u00e0 r\u00e9duire les flux migratoires partant de ses c\u00f4tes vers l&rsquo;Europe et participe \u00e0 la lutte contre les passeurs. Pr\u00e8s de 80 milliards d&rsquo;euros de fonds europ\u00e9ens y ont \u00e9t\u00e9 consacr\u00e9s depuis 2015. Lanc\u00e9 en juillet 2017 le programme SIBMML (Support to Integrated Border and Migration Management in Libya \u2013 Soutien \u00e0 une gestion int\u00e9gr\u00e9e des fronti\u00e8res et de la migration en Libye), vise \u00e0 \u00ab\u00a0am\u00e9liorer les capacit\u00e9s des autorit\u00e9s libyennes \u00e0 mener des op\u00e9rations de recherche et de sauvretage dans le respect des standards internationaux, \u00e0 travers la fourniture d&rsquo;\u00e9quipement et de formation [\u2026] en coop\u00e9ration \u00e9troite avec les \u00c9tats membres\u00a0\u00bb, pr\u00e9cise la Commission.<\/p>\n<p class=\"ap-StoryElement ap-StoryElement--mb ap-StoryText\">Depuis 2020, six bateaux libyens ont \u00e9t\u00e9 rendus op\u00e9rationnels par l&rsquo;UE, et trois canots pneumatiques remis au minist\u00e8re libyens de l&rsquo;Int\u00e9rieur. En 2023, Tripoli a re\u00e7u cinq vaisseaux destin\u00e9s aux gardes-c\u00f4tes. L&rsquo;Union a par ailleurs assur\u00e9 la formation de quelque 200 garde-c\u00f4tes libyens.<\/p>\n<p class=\"ap-StoryElement ap-StoryElement--mb ap-StoryText\">Pays europ\u00e9en de \u00ab\u00a0premi\u00e8re entr\u00e9e\u00a0\u00bb des flux de la M\u00e9diterran\u00e9e centrale, l&rsquo;Italie, qui assure la formation des gardes-c\u00f4tes libyens et a offert plusieurs bateaux au pays nord-africain, est particuli\u00e8rement engag\u00e9e dans cette coop\u00e9ration.<\/p>\n<p>Embarras europ\u00e9en<\/p>\n<p class=\"ap-StoryElement ap-StoryElement--mb ap-StoryText\">Cette coop\u00e9ration n&rsquo;a jamais \u00e9t\u00e9 remise en cause du c\u00f4t\u00e9 europ\u00e9en, bien que la Libye, partag\u00e9e entre deux pouvoirs rivaux, soit un \u00c9tat d\u00e9faillant. Et malgr\u00e9 les collusions, document\u00e9es, entre les gardes-c\u00f4tes, les milices et les passeurs. L&rsquo;Europe continue d&rsquo;appuyer ces m\u00eames gardes-c\u00f4tes pour qu&rsquo;ils interceptent des embarcations de migrants avant qu&rsquo;elles n&rsquo;atteignent les eaux internationales. Si elles y parvenaient, aucun candidat \u00e0 l&rsquo;exil ne serait renvoy\u00e9 vers la Libye, qui n&rsquo;est pas consid\u00e9r\u00e9e comme un pays s\u00fbr. Loin de l\u00e0.<\/p>\n<p class=\"ap-StoryElement ap-StoryElement--mb ap-StoryText\">\u00ab\u00a0Les personnes intercept\u00e9es en mer sont amen\u00e9es dans des centres de d\u00e9tention informels, elles sont tortur\u00e9es, et on les ran\u00e7onne pour demander de l&rsquo;argent \u00e0 leur famille. Les femmes, elles, sont viol\u00e9es. C&rsquo;est un cercle de violence infini, et nous, l&rsquo;Union europ\u00e9enne, finan\u00e7ons ces personnes\u00a0\u00bb, s&#8217;emporte Lucille Guenier.<\/p>\n<p><a href=\"https:\/\/afrique.lalibre.be\/11374\/migrants-tortures-et-depouilles-ils-racontent-lenfer-de-libye\/\" target=\"_blank\" rel=\"noopener noreferrer nofollow\" class=\"ap-StoryInterstitialLink ap-StoryElement ap-StoryElement--mb\">Migrants: tortur\u00e9s et d\u00e9pouill\u00e9s, ils racontent l&rsquo;enfer de Libye<\/a><\/p>\n<p class=\"ap-StoryElement ap-StoryElement--mb ap-StoryText\">SOS M\u00e9diterran\u00e9e r\u00e9clame qu&rsquo;une enqu\u00eate soit men\u00e9e. Interrog\u00e9e sur l&rsquo;incident lors de son point presse quotidien, la Commission europ\u00e9enne adopte une attitude prudentissime. \u00ab\u00a0Nous avons vu les articles de presse (sur l&rsquo;incident, NdlR) et nous avons pris contacts avec les autorit\u00e9s libyennes comp\u00e9tentes [qui] doivent faire la lumi\u00e8re sur ce qui s&rsquo;est produit\u00a0\u00bb, a comment\u00e9 Markus Lammert, porte-parole de l&rsquo;ex\u00e9cutif europ\u00e9en pour les Affaires int\u00e9rieures. \u00ab\u00a0Nous n&rsquo;\u00e9tions pas sur place, nous ne sommes pas en mesure de corroborer les faits\u00a0\u00bb, a-t-il pr\u00e9cis\u00e9.<\/p>\n<p class=\"ap-StoryElement ap-StoryElement--mb ap-StoryText\">\u00ab\u00a0C&rsquo;est \u00e0 l&rsquo;\u00e9vidence un d\u00e9veloppement pr\u00e9occupant. Nous allons \u00e9tablir les faits et envisager \u00e0 partir de l\u00e0 les actions possibles qui pourraient \u00eatre entreprises\u00a0\u00bb, a compl\u00e9t\u00e9 Paul Pinho, la porte-parole en chef de la Commission.<\/p>\n<p class=\"ap-StoryElement ap-StoryElement--mb ap-StoryText\">Comme d&rsquo;autres ONG, SOS M\u00e9diterran\u00e9e r\u00e9clame que l&rsquo;UE mette un terme \u00e0 sa coop\u00e9ration avec la Libye. \u00ab\u00a0Un acteur qui agit ill\u00e9galement dans les eaux internationales, entrave d\u00e9lib\u00e9r\u00e9ment les op\u00e9rations de sauvetage de personnes en danger de mort et cible des humanitaires d\u00e9sarm\u00e9s ainsi que des personnes rescap\u00e9es, ne peut \u00eatre consid\u00e9r\u00e9 comme une autorit\u00e9 comp\u00e9tente\u00a0\u00bb, tranche Sophie Bau, directrice g\u00e9n\u00e9rale de SOS M\u00e9diterran\u00e9e France, dans le communiqu\u00e9 publi\u00e9 par l&rsquo;ONG.<\/p>\n","protected":false},"excerpt":{"rendered":"Dans l&rsquo;apr\u00e8s-midi du 24, l&rsquo;Ocean Viking se trouve dans les eaux internationales, \u00e0 40 miles nautiques des c\u00f4tes&hellip;\n","protected":false},"author":2,"featured_media":346442,"comment_status":"","ping_status":"","sticky":false,"template":"","format":"standard","meta":{"footnotes":""},"categories":[1586],"tags":[11,1777,674,1779,1011,27,12,25,1778,364],"class_list":{"0":"post-346441","1":"post","2":"type-post","3":"status-publish","4":"format-standard","5":"has-post-thumbnail","7":"category-europe","8":"tag-actualites","9":"tag-eu","10":"tag-europe","11":"tag-european-union","12":"tag-fr","13":"tag-france","14":"tag-news","15":"tag-republique-francaise","16":"tag-ue","17":"tag-union-europeenne"},"share_on_mastodon":{"url":"https:\/\/pubeurope.com\/@fr\/115098067038470939","error":""},"_links":{"self":[{"href":"https:\/\/www.europesays.com\/fr\/wp-json\/wp\/v2\/posts\/346441","targetHints":{"allow":["GET"]}}],"collection":[{"href":"https:\/\/www.europesays.com\/fr\/wp-json\/wp\/v2\/posts"}],"about":[{"href":"https:\/\/www.europesays.com\/fr\/wp-json\/wp\/v2\/types\/post"}],"author":[{"embeddable":true,"href":"https:\/\/www.europesays.com\/fr\/wp-json\/wp\/v2\/users\/2"}],"replies":[{"embeddable":true,"href":"https:\/\/www.europesays.com\/fr\/wp-json\/wp\/v2\/comments?post=346441"}],"version-history":[{"count":0,"href":"https:\/\/www.europesays.com\/fr\/wp-json\/wp\/v2\/posts\/346441\/revisions"}],"wp:featuredmedia":[{"embeddable":true,"href":"https:\/\/www.europesays.com\/fr\/wp-json\/wp\/v2\/media\/346442"}],"wp:attachment":[{"href":"https:\/\/www.europesays.com\/fr\/wp-json\/wp\/v2\/media?parent=346441"}],"wp:term":[{"taxonomy":"category","embeddable":true,"href":"https:\/\/www.europesays.com\/fr\/wp-json\/wp\/v2\/categories?post=346441"},{"taxonomy":"post_tag","embeddable":true,"href":"https:\/\/www.europesays.com\/fr\/wp-json\/wp\/v2\/tags?post=346441"}],"curies":[{"name":"wp","href":"https:\/\/api.w.org\/{rel}","templated":true}]}}