{"id":346443,"date":"2025-08-27T01:11:16","date_gmt":"2025-08-27T01:11:16","guid":{"rendered":"https:\/\/www.europesays.com\/fr\/346443\/"},"modified":"2025-08-27T01:11:16","modified_gmt":"2025-08-27T01:11:16","slug":"legislative-partielle-a-paris-les-republicains-sur-le-point-de-finaliser-un-accord-entre-dati-et-barnier-le-figaro","status":"publish","type":"post","link":"https:\/\/www.europesays.com\/fr\/346443\/","title":{"rendered":"L\u00e9gislative partielle \u00e0 Paris : Les R\u00e9publicains sur le point de finaliser un accord entre Dati et Barnier &#8211; Le Figaro"},"content":{"rendered":"<ol>\n<li><a href=\"https:\/\/news.google.com\/rss\/articles\/CBMi4AFBVV95cUxPQWFjbG14NHNIZ19DNHlqYkotYl9ldlRKOGZUV2ZmTWVSTlZGMEU3NDFTQUtvVXdyOFl1TUpPSjdqaGc4X0RGbW5Pa3ZpX0ZJSGljaE5xLTBJY29haENsMTk0cDZITTFjcXozd1k2R0xFeE41YUJoZTJyN01uY2JMMkJxbUpsaFBsOXhVclROTW5JODV4Rk1FTmFuUXM0NXpON0VHWXI0NGREQ2JYWWp6dmtEN0R6dFM1bG1mdXQwbUJid2o0WXNXRTFYblRIbmcwVlVLWUR3aGZoNGx2RnFnUQ?oc=5\" target=\"_blank\" rel=\"nofollow noopener\">L\u00e9gislative partielle \u00e0 Paris : Les R\u00e9publicains sur le point de finaliser un accord entre Dati et Barnier<\/a>&nbsp;&nbsp;Le Figaro<\/li>\n<li><a href=\"https:\/\/news.google.com\/rss\/articles\/CBMi4gFBVV95cUxOUVdnU19sNVN5T0ltQlY0a1FJVGFnbG1aR1RtdVc3RWtQS0JVUWphNmFDN3dGbVVPNkY3ZkU3YUcxNy1IaUkxVFo1X1g4aXRvVnNpRld3OWh5anU2WFN6QU9XOGZhV2thbjIzTnZ1LU1WcjVFQmNLWUpFdXN5Mnk5RXdmZGRuY2d5VzZkdzVHYlhnUk1OOThXR1lQQWItUldMRGVlY2pSeWcyU2NvV2RIT2Z3aTdfRWRWUUU5N0tDSXYxeHAyVHZqVWs2WmYtNUk0SFd4THZFR0JpWWZzODVuTFJR?oc=5\" target=\"_blank\" rel=\"nofollow noopener\">A Paris, les mandats de d\u00e9put\u00e9 prennent des airs de marchepied pour la Mairie<\/a>&nbsp;&nbsp;Le Monde.fr<\/li>\n<li><a href=\"https:\/\/news.google.com\/rss\/articles\/CBMivAFBVV95cUxPeFRhT0JoLVkteHRZMWwzb0NzVENqM2c4UUYxNjRzNUZBNy0yUjR6dHlFazd5ZmM1SDg0OGhUNnRPc0ttUEFnYmtnMHU1Y3JjT1dqOVRJZlNISGswRGF5QTV5ZWpOT3htSHYzbmZNMFB4VlBRVzNGcjNpdzAzQ3NnbnlJSk9yaUdUWHhjRjNSUDR5ejhxdDZCYmhJeXdOdkZ4U2JQTTNIOGduQ19maGFQLTR5MlA0RzJnYm1SStIBwgFBVV95cUxOcWNDZ3psNUZCV2NsTFR4blRjQ2NPamdaWUhwd0NvcjJpOFR2Y3dqMnFhN2JtRzdPbkdCV05VeEFjV0w3d2FUbWF2azNfUE9qNFE1bEtYTkRtWXp5U2ZSRU9oRTFhcmQ2MVRTOUVVN01EWTdZVW1rZU9kUjIzQXc5UVA5Vk9zMzNyYjdLTURBVUpvOHpSZi1NNWtvZVhxdHB6bmh5WDZRSW1fd1ZlT21BODBydENndEI4cW1iVk9ESGNBUQ?oc=5\" target=\"_blank\" rel=\"nofollow noopener\">L\u00e9gislative partielle \u00e0 Paris : pourquoi Michel Barnier ne pourra-t-il pas voter pour son propre scrutin ?<\/a>&nbsp;&nbsp;CNews<\/li>\n<li><a href=\"https:\/\/news.google.com\/rss\/articles\/CBMi7AFBVV95cUxQNTg3bXRCeVEyZzNabEFwbFIyNjNjbkNKbW4xN3hqT1ZGU1Q0a3J4WVpPZVpwMzlmRmdyR242dGVEN29STlREdm5zY2dxOTliZlNtWGJFZ0xYR3RoWTZnaXduUTlKRVF6Sl9tcXgxTGR1ZmJJQzFiNXpILS1JNTNCR1UtQzU3ckxKTGxJMXFjSk5kQ2NPVFpvUlFfdUprTVVvVFNXQzFWaFZ1X2hUX3EtbHI0WlhBVmg2R0NrT0pFZVV0Sjk2VkI2cGUwUUNJemJJOG5HQWlvcjdYVjA5UFBuTi1RcjZ2WnRhZk55RQ?oc=5\" target=\"_blank\" rel=\"nofollow noopener\">Rachida Dati a pris sa d\u00e9cision d\u00e9finitive sur sa candidature \u00e0 la l\u00e9gislative partielle \u00e0 Paris<\/a>&nbsp;&nbsp;Le HuffPost<\/li>\n<li><a href=\"https:\/\/news.google.com\/rss\/articles\/CBMi5gFBVV95cUxQdUVHQmZNRjZFOExtTW1yWWpfSEhyLXpSZmpKZ0U3cWpTTnlDQmR1YXdwOUxOaXlWclBWdEk3VG9RRkFHU1RFZmUtbm9OVlFYcUV5d2MzWHZoSFlxSWl1YmVzekVnTkprYl9kMzJWRS1qcnk0a0tLRENJTFJXMGdJSENDcTctc05LdjBTWVdFSUJsRHE2a0s1dGFlMG1oVlJfdUNuRHJHS09CLU5pNFRzeVQzMkg4QjlHLWpOd0N1UzBzOG9YX1l5TDlzS2hJVjFLSnBTZEFIVGk4S2NpN0Zhd0V1dzM2dw?oc=5\" target=\"_blank\" rel=\"nofollow noopener\">L\u00e9gislative partielle \u00e0 Paris : Michel Barnier ne pourra pas voter pour lui-m\u00eame<\/a>&nbsp;&nbsp;Lib\u00e9ration<\/li>\n<\/ol>\n","protected":false},"excerpt":{"rendered":"L\u00e9gislative partielle \u00e0 Paris : Les R\u00e9publicains sur le point de finaliser un accord entre Dati et Barnier&nbsp;&nbsp;Le&hellip;\n","protected":false},"author":2,"featured_media":346444,"comment_status":"","ping_status":"","sticky":false,"template":"","format":"standard","meta":{"footnotes":""},"categories":[2],"tags":[11,1011,27,3554,12,25],"class_list":{"0":"post-346443","1":"post","2":"type-post","3":"status-publish","4":"format-standard","5":"has-post-thumbnail","7":"category-actualites","8":"tag-actualites","9":"tag-fr","10":"tag-france","11":"tag-municipales","12":"tag-news","13":"tag-republique-francaise"},"share_on_mastodon":{"url":"https:\/\/pubeurope.com\/@fr\/115098070804051782","error":""},"_links":{"self":[{"href":"https:\/\/www.europesays.com\/fr\/wp-json\/wp\/v2\/posts\/346443","targetHints":{"allow":["GET"]}}],"collection":[{"href":"https:\/\/www.europesays.com\/fr\/wp-json\/wp\/v2\/posts"}],"about":[{"href":"https:\/\/www.europesays.com\/fr\/wp-json\/wp\/v2\/types\/post"}],"author":[{"embeddable":true,"href":"https:\/\/www.europesays.com\/fr\/wp-json\/wp\/v2\/users\/2"}],"replies":[{"embeddable":true,"href":"https:\/\/www.europesays.com\/fr\/wp-json\/wp\/v2\/comments?post=346443"}],"version-history":[{"count":0,"href":"https:\/\/www.europesays.com\/fr\/wp-json\/wp\/v2\/posts\/346443\/revisions"}],"wp:featuredmedia":[{"embeddable":true,"href":"https:\/\/www.europesays.com\/fr\/wp-json\/wp\/v2\/media\/346444"}],"wp:attachment":[{"href":"https:\/\/www.europesays.com\/fr\/wp-json\/wp\/v2\/media?parent=346443"}],"wp:term":[{"taxonomy":"category","embeddable":true,"href":"https:\/\/www.europesays.com\/fr\/wp-json\/wp\/v2\/categories?post=346443"},{"taxonomy":"post_tag","embeddable":true,"href":"https:\/\/www.europesays.com\/fr\/wp-json\/wp\/v2\/tags?post=346443"}],"curies":[{"name":"wp","href":"https:\/\/api.w.org\/{rel}","templated":true}]}}