{"id":346447,"date":"2025-08-27T01:15:11","date_gmt":"2025-08-27T01:15:11","guid":{"rendered":"https:\/\/www.europesays.com\/fr\/346447\/"},"modified":"2025-08-27T01:15:11","modified_gmt":"2025-08-27T01:15:11","slug":"la-france-2e-de-sa-poule-derriere-le-bresil-et-en-attente-de-son-adversaire-en-huitiemes-de-finale-du-mondial-lequipe","status":"publish","type":"post","link":"https:\/\/www.europesays.com\/fr\/346447\/","title":{"rendered":"La France 2e de sa poule derri\u00e8re le Br\u00e9sil et en attente de son adversaire en huiti\u00e8mes de finale du Mondial &#8211; L&#039;\u00c9quipe"},"content":{"rendered":"<ol>\n<li><a href=\"https:\/\/news.google.com\/rss\/articles\/CBMi9gFBVV95cUxOMjNnODNQT0wyMnUycWhERi0xZ1JZb2xoRWUzNkpTOHN6XzdyZjNlQVlwakZGbHhTVmdVc2RZSmgwdzNUODBTak9KT2wzSHQ2Q0V3SU1IUl92V3Q5elF1d2Q2Q3I1dS13UVFmTThjcXFpWHFPbTBSbWNkYXNmQS1lVS1ZdXdqUWFnSE95dzA3aWQ0YV9tVkxiRHBQS3dwU2hDWUpueWZRZmxPdFlOSlNyaGQyd0gwUXNmc1VaVUd6QW9JY295bFpDYnFSWGZoczNGa2VmaFlTMmtlbVNHSzJwazhmR00yV2VZNWlNZEJMTHhSUjJfc0E?oc=5\" target=\"_blank\" rel=\"noopener\">La France 2e de sa poule derri\u00e8re le Br\u00e9sil et en attente de son adversaire en huiti\u00e8mes de finale du Mondial<\/a>&nbsp;&nbsp;L&rsquo;\u00c9quipe<\/li>\n<li><a href=\"https:\/\/news.google.com\/rss\/articles\/CBMi-gFBVV95cUxPd2dSNU42c3lDSkpIUXRrRXZHSEFNZVI2TnNjSkRYaHZkUlRlNE4zS1FSQ1hodXJVOVRSWWRzUnZZd1RDN2VpS1lCTjFqaGgyckNTbXpMSUdxVnJTVXBfOWRNUmUwRzdYWFNuX2xsaFNmVU4yejVZYTBQSUxRQ18yUGNvQVpHMEdsRmFMQ3pnMXlwWGVVclctQlJ6dU41V2JHdklwZ2Y4UE9OaUdBci1kM0twYVZzUkNXX0JNZFR3Yk5HajJ6azRLOGstbWxEWC1wRGVjb2w3QWsxQVZGemhqSERGREN3bVo2NWhCb1YxeUN1Q19tWjc2TzhB?oc=5\" target=\"_blank\" rel=\"noopener\">Les Fran\u00e7aises arrachent leur qualification pour les huiti\u00e8mes de finale du Championnat du monde face \u00e0 la Gr\u00e8ce<\/a>&nbsp;&nbsp;L&rsquo;\u00c9quipe<\/li>\n<li><a href=\"https:\/\/news.google.com\/rss\/articles\/CBMikgJBVV95cUxPY0pJbDhzU3JmZG91QVE5eTkzamlNanJCRFV2VUJfclhHQlRucVR2QXhGdEFLQmhIZFR1Zl82X0gwb1J1anpNWXViaDgtS0lPX1JIWmJ4WnVMM0VvdWhmUFJuSUVSUUZHZlBJLXNmTzZWdnoya2NLc2RVYm9vWExOUTBFcTEtamdHS2JMa0tMOWgzQWt2cXZaajFGLThLQ0hFUTZ5ZkNRclpLUHpmbUc4dFZsVmRBMi12M3ZQb1UxUk9lQU9FNkV0elJTVlNSb080UU56d0drdVZHNnVsSzIwVUNHVzA0NGcxZXA4ZV9GLTlCbjdwYlhNZE93dXYzc2RwREM5YWdRMFJ2MVN4d3B4Y1Z3?oc=5\" target=\"_blank\" rel=\"noopener\">Mondial de Volley. Les Bleues s\u2019offrent une qualification historique en 8es en battant la Gr\u00e8ce<\/a>&nbsp;&nbsp;Ouest-France<\/li>\n<li><a href=\"https:\/\/news.google.com\/rss\/articles\/CBMi6gFBVV95cUxOczlmQkJ4bFFIVjM2RlBKejdlU2FqU0ROWUxyQngwUlNqbnJtcGNxdURiaWh1TDlUeFcya2V5dTA1Yk11ajZwdlBrQUN5OE1jaVJRTFp1QmFlN25sTHhLUDZvRXY4eThuemNoUE14cWRZZ1loZXlWNmVZVERRWGp5X1NmWURLSDlIT2xUQUE1eWxCR3BZMlY3SzdVdzNqQXpiVGI5Y3cyeUp4N1UzTnhkbTBDSGI2QzFRUFVib3RxYWFVNG44UUl5c0E2LWV0RXE2S0RpQ2w0WHVqVi03SS1JTFFNOEtTRm1wY2c?oc=5\" target=\"_blank\" rel=\"noopener\">L&rsquo;improbable balle de set de l&rsquo;\u00c9quipe de France face \u00e0 la Gr\u00e8ce &#8211; Volley &#8211; Ch. monde (F)<\/a>&nbsp;&nbsp;Orange Actualit\u00e9s | Sports<\/li>\n<li><a href=\"https:\/\/news.google.com\/rss\/articles\/CBMihwJBVV95cUxQQkxCX2ExaGNGSXdWc2M4RjR5NGZBMWxPUGNOOEg0TDIwZm84Qm9Ub09XOW1veGl3S2U2NmJna3ZCZFVEbXlBQmk0RUdfVl9qNF9ieGsyY1p0UENCRF9kTXpiaGctVTRvYi1SNUhvTHRKVzJ2azNaNFZzQTFDWXhzS0J2WFEyS0I2d0ZfMmdKTk83anY2bXJ1UDJ0WDNHYXlnX3FqcWhFTzhQLVhzYXdwWkFqcGZnZGtpY29HVWluY2c0bkJfMnVNVUh3U0M5YzlfUFdxT3ZvSHY0NmpvVUNCVWh5UGVkVFI1Rm5xdjZ1bzk1U2J2YWh1eHgwN0hQaDl2cmdza2RtSQ?oc=5\" target=\"_blank\" rel=\"noopener\">L\u2019\u00e9quipe de France f\u00e9minine de volley, tombeuse de la Gr\u00e8ce, se qualifie pour les huiti\u00e8mes de finale du Mondial<\/a>&nbsp;&nbsp;Le Monde.fr<\/li>\n<\/ol>\n","protected":false},"excerpt":{"rendered":"La France 2e de sa poule derri\u00e8re le Br\u00e9sil et en attente de son adversaire en huiti\u00e8mes de&hellip;\n","protected":false},"author":2,"featured_media":346448,"comment_status":"","ping_status":"","sticky":false,"template":"","format":"standard","meta":{"footnotes":""},"categories":[1417],"tags":[1011,27,60,1470,1469],"class_list":{"0":"post-346447","1":"post","2":"type-post","3":"status-publish","4":"format-standard","5":"has-post-thumbnail","7":"category-volley","8":"tag-fr","9":"tag-france","10":"tag-sports","11":"tag-volley","12":"tag-volleyball"},"share_on_mastodon":{"url":"https:\/\/pubeurope.com\/@fr\/115098086471280694","error":""},"_links":{"self":[{"href":"https:\/\/www.europesays.com\/fr\/wp-json\/wp\/v2\/posts\/346447","targetHints":{"allow":["GET"]}}],"collection":[{"href":"https:\/\/www.europesays.com\/fr\/wp-json\/wp\/v2\/posts"}],"about":[{"href":"https:\/\/www.europesays.com\/fr\/wp-json\/wp\/v2\/types\/post"}],"author":[{"embeddable":true,"href":"https:\/\/www.europesays.com\/fr\/wp-json\/wp\/v2\/users\/2"}],"replies":[{"embeddable":true,"href":"https:\/\/www.europesays.com\/fr\/wp-json\/wp\/v2\/comments?post=346447"}],"version-history":[{"count":0,"href":"https:\/\/www.europesays.com\/fr\/wp-json\/wp\/v2\/posts\/346447\/revisions"}],"wp:featuredmedia":[{"embeddable":true,"href":"https:\/\/www.europesays.com\/fr\/wp-json\/wp\/v2\/media\/346448"}],"wp:attachment":[{"href":"https:\/\/www.europesays.com\/fr\/wp-json\/wp\/v2\/media?parent=346447"}],"wp:term":[{"taxonomy":"category","embeddable":true,"href":"https:\/\/www.europesays.com\/fr\/wp-json\/wp\/v2\/categories?post=346447"},{"taxonomy":"post_tag","embeddable":true,"href":"https:\/\/www.europesays.com\/fr\/wp-json\/wp\/v2\/tags?post=346447"}],"curies":[{"name":"wp","href":"https:\/\/api.w.org\/{rel}","templated":true}]}}