{"id":346453,"date":"2025-08-27T01:20:09","date_gmt":"2025-08-27T01:20:09","guid":{"rendered":"https:\/\/www.europesays.com\/fr\/346453\/"},"modified":"2025-08-27T01:20:09","modified_gmt":"2025-08-27T01:20:09","slug":"f1-gasly-le-tacle-inattendu-apres-son-depart-dalpine","status":"publish","type":"post","link":"https:\/\/www.europesays.com\/fr\/346453\/","title":{"rendered":"F1 &#8211; Gasly : Le tacle inattendu apr\u00e8s son d\u00e9part d\u2019Alpine !"},"content":{"rendered":"<p>                    Hugo Chirossel<br \/>\n                        &#8211;<\/p>\n<p>Journaliste<\/p>\n<p>Passionn\u00e9 de football depuis le plus jeune \u00e2ge, devenir journaliste sportif est rapidement devenu une \u00e9vidence pour Hugo. Il se d\u00e9couvrira plus tard un amour pour la NBA, avant d\u2019explorer d\u2019autres horizons comme ceux de la Formule 1 et de la NFL.<\/p>\n<p class=\"heading\">Apr\u00e8s quatre saisons pass\u00e9es avec Alpine, dont les deux derni\u00e8res aux c\u00f4t\u00e9s de Pierre Gasly, Esteban Ocon a rejoint Haas en 2025, o\u00f9 il a d\u00e9couvert une ambiance qu\u2019il n\u2019avait jamais connue auparavant. Au moment de comparer son exp\u00e9rience au sein des deux \u00e9curies, le Fran\u00e7ais a mis en avant l\u2019environnement beaucoup plus sain dans lequel il se trouve d\u00e9sormais. <\/p>\n<p>Le moins que l\u2019on puisse dire est qu\u2019<strong>Esteban Ocon<\/strong> ne regrette pas son choix. Le Fran\u00e7ais s\u2019est lanc\u00e9 dans une nouvelle aventure en 2025 en rejoignant <strong>Haas<\/strong>, apr\u00e8s avoir pass\u00e9 les quatre derni\u00e8res saisons chez <strong>Alpine<\/strong>, dont deux avec <a href=\"https:\/\/le10sport.com\/formule1\/f1-aucune-limite-pierre-gasly-annonce-la-couleur-755655\" rel=\"nofollow noopener\" target=\"_blank\">Pierre Gasly<\/a> comme co\u00e9quipier. Il a alors trouv\u00e9 une \u00e9curie, avec laquelle il a inscrit 27 points en 14<strong> Grands Prix<\/strong>, o\u00f9 il est \u00e9panoui, en tout cas beaucoup plus que lors de sa pr\u00e9c\u00e9dente exp\u00e9rience. <\/p>\n<p>                                            \u00ab Par rapport \u00e0 ma pr\u00e9c\u00e9dente exp\u00e9rience, c&rsquo;est un environnement sain \u00bb<\/p>\n<p>\u00ab Par rapport \u00e0 ma pr\u00e9c\u00e9dente exp\u00e9rience, c&rsquo;est un environnement sain. Personne ne se cache derri\u00e8re quoi que ce soit. Si l&rsquo;on fait mal quelque chose, on en parle en esp\u00e9rant que \u00e7a ne se reproduise pas. Et on en parle directement \u00e0 la fin de la course. C&rsquo;est bien, parce que si on n&rsquo;en parle pas, comme je l&rsquo;ai connu par le pass\u00e9, alors \u00e7a recommence. C&rsquo;est l&rsquo;essentiel \u00bb, a d\u00e9clar\u00e9<strong> Esteban Ocon<\/strong> aupr\u00e8s de Motorsport.com. <\/p>\n<p>                                            \u00ab \u00c7a peut para\u00eetre fou, mais j&rsquo;ai vu des gens qui n&rsquo;\u00e9taient pas motiv\u00e9s par le pass\u00e9 \u00bb<\/p>\n<p>\u00ab Cette \u00e9quipe est incroyablement motiv\u00e9e. \u00c7a peut para\u00eetre fou, mais j&rsquo;ai vu des gens qui n&rsquo;\u00e9taient pas motiv\u00e9s par le pass\u00e9, m\u00eame en travaillant dans le paddock F1 \u00bb, a ajout\u00e9 <strong>Esteban Ocon<\/strong>. \u00ab C&rsquo;est probablement ce qu&rsquo;il y a de pire. Maintenant, je ne dis pas que tout est parfait. Il y a \u00e9videmment des choses que nous devons am\u00e9liorer. Mais nous avons une base tr\u00e8s solide pour travailler depuis que je suis arriv\u00e9, et on avance. Je suis ravi de la mani\u00e8re dont \u00e7a se passe. \u00bb <\/p>\n","protected":false},"excerpt":{"rendered":"Hugo Chirossel &#8211; Journaliste Passionn\u00e9 de football depuis le plus jeune \u00e2ge, devenir journaliste sportif est rapidement devenu&hellip;\n","protected":false},"author":2,"featured_media":346454,"comment_status":"","ping_status":"","sticky":false,"template":"","format":"standard","meta":{"footnotes":""},"categories":[1412],"tags":[1451,1452,1453,1454,1455,1011,27,60],"class_list":{"0":"post-346453","1":"post","2":"type-post","3":"status-publish","4":"format-standard","5":"has-post-thumbnail","7":"category-f1","8":"tag-f1","9":"tag-formula-1","10":"tag-formula1","11":"tag-formule-1","12":"tag-formule1","13":"tag-fr","14":"tag-france","15":"tag-sports"},"share_on_mastodon":{"url":"https:\/\/pubeurope.com\/@fr\/115098106174281608","error":""},"_links":{"self":[{"href":"https:\/\/www.europesays.com\/fr\/wp-json\/wp\/v2\/posts\/346453","targetHints":{"allow":["GET"]}}],"collection":[{"href":"https:\/\/www.europesays.com\/fr\/wp-json\/wp\/v2\/posts"}],"about":[{"href":"https:\/\/www.europesays.com\/fr\/wp-json\/wp\/v2\/types\/post"}],"author":[{"embeddable":true,"href":"https:\/\/www.europesays.com\/fr\/wp-json\/wp\/v2\/users\/2"}],"replies":[{"embeddable":true,"href":"https:\/\/www.europesays.com\/fr\/wp-json\/wp\/v2\/comments?post=346453"}],"version-history":[{"count":0,"href":"https:\/\/www.europesays.com\/fr\/wp-json\/wp\/v2\/posts\/346453\/revisions"}],"wp:featuredmedia":[{"embeddable":true,"href":"https:\/\/www.europesays.com\/fr\/wp-json\/wp\/v2\/media\/346454"}],"wp:attachment":[{"href":"https:\/\/www.europesays.com\/fr\/wp-json\/wp\/v2\/media?parent=346453"}],"wp:term":[{"taxonomy":"category","embeddable":true,"href":"https:\/\/www.europesays.com\/fr\/wp-json\/wp\/v2\/categories?post=346453"},{"taxonomy":"post_tag","embeddable":true,"href":"https:\/\/www.europesays.com\/fr\/wp-json\/wp\/v2\/tags?post=346453"}],"curies":[{"name":"wp","href":"https:\/\/api.w.org\/{rel}","templated":true}]}}