{"id":346457,"date":"2025-08-27T01:22:18","date_gmt":"2025-08-27T01:22:18","guid":{"rendered":"https:\/\/www.europesays.com\/fr\/346457\/"},"modified":"2025-08-27T01:22:18","modified_gmt":"2025-08-27T01:22:18","slug":"une-offre-tombe-pour-lattaquant-du-fc-lorient-sambou-soumano","status":"publish","type":"post","link":"https:\/\/www.europesays.com\/fr\/346457\/","title":{"rendered":"Une offre tombe pour l\u2019attaquant du FC Lorient Sambou Soumano"},"content":{"rendered":"<p>Ligue 1. FC Lorient<\/p>\n<p>Le club des Blackburn Rovers (D2 anglaise) s\u2019int\u00e9resse \u00e0 <a href=\"https:\/\/www.letelegramme.fr\/sports\/football\/fc-lorient\/il-ny-a-que-marquer-qui-compte-affirme-sambou-soumano-lattaquant-du-fc-lorient-6665868.php\" target=\"_blank\" title=\"Lire notre interview du 21 septembre 2024\" rel=\"noopener\">l\u2019attaquant du FC Lorient Sambou Soumano<\/a> (24 ans, sous contrat jusqu\u2019en juin 2026). Selon le m\u00e9dia sp\u00e9cialis\u00e9 RoversXtra, les discussions seraient d\u00e9j\u00e0 bien avanc\u00e9es entre les deux clubs. Une information que nous sommes en mesure de confirmer ce mardi. Le FC Lorient a re\u00e7u une premi\u00e8re offre du club actuellement 16e de Championship, mais aurait fix\u00e9 la barre \u00e0 6 M\u20ac pour lib\u00e9rer son joueur.<\/p>\n<p>Deux saisons \u00e0 plus de dix buts en Ligue 2<\/p>\n<p>Arriv\u00e9 \u00e0 l\u2019\u00e9t\u00e9 2021 \u00e0 Lorient, o\u00f9 il a sign\u00e9 son premier contrat professionnel l\u2019hiver suivant, Sambou Soumano ne s\u2019y est jamais vraiment impos\u00e9 comme titulaire. Pr\u00eat\u00e9 successivement \u00e0 Eupen (D1 belge), Rodez (D2) et Quevilly Rouen M\u00e9tropole (National) ces derni\u00e8res ann\u00e9es, il sort de deux belles saisons en Ligue 2. Il a inscrit 12 buts en 36 matchs lors de l\u2019exercice 2023-24 avec QRM et 14 buts en 32 matchs la saison derni\u00e8re avec Lorient en tant que rempla\u00e7ant de Junior Kroupi.<\/p>\n","protected":false},"excerpt":{"rendered":"Ligue 1. FC Lorient Le club des Blackburn Rovers (D2 anglaise) s\u2019int\u00e9resse \u00e0 l\u2019attaquant du FC Lorient Sambou&hellip;\n","protected":false},"author":2,"featured_media":346458,"comment_status":"","ping_status":"","sticky":false,"template":"","format":"standard","meta":{"footnotes":""},"categories":[1410],"tags":[3166,3317,63,1011,27,66,1781,23838,30393,60],"class_list":{"0":"post-346457","1":"post","2":"type-post","3":"status-publish","4":"format-standard","5":"has-post-thumbnail","7":"category-football","8":"tag-en-continu-sports","9":"tag-fc-lorient","10":"tag-football","11":"tag-fr","12":"tag-france","13":"tag-ligue-1","14":"tag-lorient","15":"tag-mercato-fc-lorient","16":"tag-mercato-pro","17":"tag-sports"},"share_on_mastodon":{"url":"https:\/\/pubeurope.com\/@fr\/115098114149191811","error":""},"_links":{"self":[{"href":"https:\/\/www.europesays.com\/fr\/wp-json\/wp\/v2\/posts\/346457","targetHints":{"allow":["GET"]}}],"collection":[{"href":"https:\/\/www.europesays.com\/fr\/wp-json\/wp\/v2\/posts"}],"about":[{"href":"https:\/\/www.europesays.com\/fr\/wp-json\/wp\/v2\/types\/post"}],"author":[{"embeddable":true,"href":"https:\/\/www.europesays.com\/fr\/wp-json\/wp\/v2\/users\/2"}],"replies":[{"embeddable":true,"href":"https:\/\/www.europesays.com\/fr\/wp-json\/wp\/v2\/comments?post=346457"}],"version-history":[{"count":0,"href":"https:\/\/www.europesays.com\/fr\/wp-json\/wp\/v2\/posts\/346457\/revisions"}],"wp:featuredmedia":[{"embeddable":true,"href":"https:\/\/www.europesays.com\/fr\/wp-json\/wp\/v2\/media\/346458"}],"wp:attachment":[{"href":"https:\/\/www.europesays.com\/fr\/wp-json\/wp\/v2\/media?parent=346457"}],"wp:term":[{"taxonomy":"category","embeddable":true,"href":"https:\/\/www.europesays.com\/fr\/wp-json\/wp\/v2\/categories?post=346457"},{"taxonomy":"post_tag","embeddable":true,"href":"https:\/\/www.europesays.com\/fr\/wp-json\/wp\/v2\/tags?post=346457"}],"curies":[{"name":"wp","href":"https:\/\/api.w.org\/{rel}","templated":true}]}}