{"id":346461,"date":"2025-08-27T01:24:14","date_gmt":"2025-08-27T01:24:14","guid":{"rendered":"https:\/\/www.europesays.com\/fr\/346461\/"},"modified":"2025-08-27T01:24:14","modified_gmt":"2025-08-27T01:24:14","slug":"leffacement-de-lecole-dart-de-valenciennes","status":"publish","type":"post","link":"https:\/\/www.europesays.com\/fr\/346461\/","title":{"rendered":"L&rsquo;Effacement de l&rsquo;\u00e9cole d&rsquo;art de Valenciennes"},"content":{"rendered":"<p class=\"PopSlotParagraph qg-tx2 qg-xtra-lh svelte-1r0pyek\">Cela fait deux ans que Chlo\u00e9 est dipl\u00f4m\u00e9e de l&rsquo;\u00c9cole sup\u00e9rieure d&rsquo;art et de design de Valenciennes (ESAD). Elle a rejoint cette \u00e9cole directement apr\u00e8s le bac. \u00ab\u00a0J&rsquo;y suis all\u00e9e un peu au titre parce que j&rsquo;ai vu que c&rsquo;\u00e9tait de l&rsquo;\u00c9cole sup\u00e9rieure d&rsquo;art et design avec une mention en \u00e9co-social et \u00e7a m&rsquo;a intrigu\u00e9e. J&rsquo;ai eu l&rsquo;impression que les mots cl\u00e9s touchaient ce que je commen\u00e7ais moi-m\u00eame \u00e0 effleurer dans ma pratique.\u00a0\u00bb<\/p>\n<p> \u00a0\u00bb On se fourvoierait de penser que l&rsquo;ESAD de Valenciennes meure \u00e0 cause de raisons locales. On repr\u00e9sente quelque chose qui se trame \u00e0 l&rsquo;\u00e9chelle nationale\u00a0\u00bb<\/p>\n<p class=\"PopSlotParagraph qg-tx2 qg-xtra-lh svelte-1r0pyek\">Chlo\u00e9 garde un bon souvenir des trois ann\u00e9es qu&rsquo;elle a pass\u00e9es dans cette \u00e9cole. \u00ab\u00a0Les sols \u00e9taient color\u00e9s, on avait une belle biblioth\u00e8que, il y avait de l&rsquo;\u00e9nergie dans les couloirs. J&rsquo;ai ador\u00e9 les enseignements et apprendre des mani\u00e8res de m&rsquo;exprimer, par le dessin, par la 3D. Aller au workshop bois m\u00e9tal et avec mes mains transformer des choses dans mon esprit.\u00a0\u00bb<\/p>\n<p class=\"PopSlotParagraph qg-tx2 qg-xtra-lh svelte-1r0pyek\">Ces ann\u00e9es ont \u00e9galement \u00e9t\u00e9 pour elle celles d&rsquo;un autre apprentissage. \u00ab\u00a0J&rsquo;ai eu un engagement un peu graduel dans les instances de l&rsquo;\u00e9cole. \u00c7a a commenc\u00e9 avec le conseil p\u00e9dagogique o\u00f9 en premi\u00e8re ann\u00e9e, j&rsquo;ai juste envie de porter la voix de mes camarades. J&rsquo;avais beaucoup d&rsquo;amis qui avaient des probl\u00e8mes psychologiques. J&rsquo;ai bien observ\u00e9 le poids de mes privil\u00e8ges dans cet espace-l\u00e0 et je me suis dit &lsquo;si j&rsquo;ai les ressources pour aider \u00e0 porter les voix de celles et ceux qui sont plus fatigu\u00e9s, autant le faire&rsquo;.\u00a0\u00bb<\/p>\n<p class=\"PopSlotParagraph qg-tx2 qg-xtra-lh svelte-1r0pyek\">Alors qu&rsquo;elle s&rsquo;engage de plus en plus pour ses camarades et dans la vie de l&rsquo;\u00e9cole, Chlo\u00e9 apprend le projet de fermeture de l&rsquo;ESAD. \u00ab\u00a0\u00c7a a \u00e9t\u00e9 une fermeture tr\u00e8s progressive. \u00c7a commence par l&rsquo;impossibilit\u00e9 de recruter les premi\u00e8res ann\u00e9es. Puis l&rsquo;impossibilit\u00e9 de recruter en master et en \u00e9quivalence. Donc moi, je ne pouvais pas continuer mon cursus dans l&rsquo;\u00e9cole d&rsquo;art.\u00a0\u00bb<\/p>\n<p>  <img decoding=\"async\" class=\"Image-preview  svelte-1b9cmvl\" data-testid=\"image-preview\" src=\"data:image\/jpeg;charset=utf-8;base64, \/9j\/2wBDACgcHiMeGSgjISMtKygwPGRBPDc3PHtYXUlkkYCZlo+AjIqgtObDoKrarYqMyP\/L2u71\/\/\/\/m8H\/\/\/\/6\/+b9\/\/j\/2wBDASstLTw1PHZBQXb4pYyl+Pj4+Pj4+Pj4+Pj4+Pj4+Pj4+Pj4+Pj4+Pj4+Pj4+Pj4+Pj4+Pj4+Pj4+Pj4+Pj4+Pj\/wAARCAAbACoDASIAAhEBAxEB\/8QAFwABAQEBAAAAAAAAAAAAAAAAAgMBAP\/EABgQAQEBAQEAAAAAAAAAAAAAAAABAhES\/8QAFgEBAQEAAAAAAAAAAAAAAAAAAQAC\/8QAFREBAQAAAAAAAAAAAAAAAAAAAAH\/2gAMAwEAAhEDEQA\/AJZqkqUOUFT0OtM6NSHVT6eg4grI2ObFS1lhQmSjcj5XsHhD\/9k=\" alt=\"\" aria-hidden=\"false\"\/>     <img decoding=\"async\" src=\"https:\/\/www.europesays.com\/fr\/wp-content\/uploads\/2025\/08\/860_sc_romeo-panarelli-3.jpg\" loading=\"lazy\" fetchpriority=\"low\" width=\"860\" height=\"573\" class=\"Image-main  svelte-1b9cmvl rounded\" data-testid=\"image-src\" alt=\"Manifestation des \u00e9tudiants de l'ESAD de Valenciennes\" aria-hidden=\"false\" onload=\"this.__e=event\" onerror=\"this.__e=event\"\/> Manifestation des \u00e9tudiants de l&rsquo;ESAD de Valenciennes  &#8211; Rom\u00e9o Panarelli \u00ab\u00a0J&rsquo;ai pris conscience de toutes les opportunit\u00e9s que de futurs \u00e9tudiants ne pourraient jamais conna\u00eetre\u00a0\u00bb<\/p>\n<p class=\"PopSlotParagraph qg-tx2 qg-xtra-lh svelte-1r0pyek\">Soumaya Nader est \u00e9galement une ancienne \u00e9tudiante de l&rsquo;ESAD. \u00ab\u00a0J&rsquo;\u00e9tais boursi\u00e8re \u00e0 un \u00e9chelon assez haut, ce qui me permettait de pouvoir avoir un petit appartement, de payer mon mat\u00e9riel aussi, parce qu&rsquo;\u00eatre \u00e9tudiant en arts, m\u00eame dans une \u00e9cole publique, c&rsquo;est pas gratuit. \u00c7a me laissait suffisamment pour avoir une petite vie simple, mais correcte. Si j&rsquo;\u00e9tais rest\u00e9e \u00e0 Paris, en tout cas \u00e0 Fontenay-sous-Bois, je n&rsquo;aurais pas pu me concentrer \u00e0 100\u00a0% sur mes \u00e9tudes.\u00a0\u00bb<\/p>\n<p class=\"PopSlotParagraph qg-tx2 qg-xtra-lh svelte-1r0pyek\">En 2016, en plein cursus, elle apprend l&rsquo;existence d&rsquo;une menace de fermeture imminente de l&rsquo;\u00e9tablissement. \u00ab\u00a0Avec d&rsquo;autres \u00e9tudiants, on a d\u00e9cid\u00e9 d&rsquo;agir, de se montrer en ville avec des tracts, une lettre ouverte au maire, au pr\u00e9sident de r\u00e9gion, plusieurs assembl\u00e9es g\u00e9n\u00e9rales. On \u00e9tait plusieurs \u00e9tudiants \u00e0 s&rsquo;\u00eatre syndiqu\u00e9 au\u00a0SEL-CGT, le syndicat \u00e9tudiant et lyc\u00e9en.\u00a0\u00bb<\/p>\n<p class=\"PopSlotParagraph qg-tx2 qg-xtra-lh svelte-1r0pyek\">Soumaya a pu en d\u00e9finitive terminer son cursus. Quelques ann\u00e9es plus tard, elle retourne \u00e0 l&rsquo;ESAD, cette fois comme enseignante. \u00ab\u00a0Aujourd&rsquo;hui, on est le 18 juillet 2025 et c&rsquo;est le jour de la fermeture administrative de l&rsquo;\u00e9cole. Tout le personnel part en vacances, mais c&rsquo;est sp\u00e9cial parce que cette fois, il ne reviendra pas \u00e0 la rentr\u00e9e. Pour nous, les enseignants, les enseignantes, les \u00e9tudiants, les \u00e9tudiantes, c&rsquo;\u00e9tait surtout le 27 juin, le jour, le soir, la nuit de la derni\u00e8re f\u00eate de l&rsquo;ESAD, qui \u00e9tait un moment assez incroyable o\u00f9 chacun a pu participer \u00e0 des performances, des rituels de deuil, a pu dire au revoir une derni\u00e8re fois au b\u00e2timent de l&rsquo;\u00e9cole.\u00a0\u00bb<\/p>\n<p> \u00ab\u00a0On a fait une r\u00e9union pour voter l&rsquo;occupation de l&rsquo;\u00e9cole, toutes les mains \u00e9taient lev\u00e9es en moins de cinq secondes\u00a0\u00bb<\/p>\n<p class=\"PopSlotParagraph qg-tx2 qg-xtra-lh svelte-1r0pyek\">Laurette fait partie de la derni\u00e8re promotion \u00e0 avoir \u00e9tudi\u00e9 \u00e0 l&rsquo;ESAD. Elle l&rsquo;a int\u00e9gr\u00e9e en septembre 2022. \u00ab\u00a0\u00c0 la rentr\u00e9e, on nous a fait une r\u00e9union dans l&rsquo;amphith\u00e9\u00e2tre. On nous a dit que voil\u00e0, on aurait du mal \u00e0 avoir du chauffage dans l&rsquo;\u00e9cole, parce que c&rsquo;\u00e9tait tr\u00e8s cher. En fait, j&rsquo;\u00e9tais tellement dans ce truc de nouveaut\u00e9, des amis, que j&rsquo;avais pas forc\u00e9ment remarqu\u00e9 que je restais toujours en manteau dans l&rsquo;\u00e9cole.\u00a0\u00bb<\/p>\n<p class=\"PopSlotParagraph qg-tx2 qg-xtra-lh svelte-1r0pyek\">Laurette est frapp\u00e9e par l&rsquo;annonce de la fermeture de l&rsquo;\u00e9cole. \u00ab\u00a0Je me suis dit que j&rsquo;allais m&rsquo;investir pleinement dans la lutte parce que je ressentais le besoin de prot\u00e9ger ce lieu que je venais de fr\u00e9quenter, mais qui me plaisait en fait d\u00e9j\u00e0 tellement. Pour tenter d&rsquo;alerter sur la situation de l&rsquo;\u00e9cole, on a d\u00e9cid\u00e9 de cr\u00e9er des affiches. On attaquait principalement la mairie.\u00a0\u00bb<\/p>\n<p class=\"PopSlotParagraph qg-tx2 qg-xtra-lh svelte-1r0pyek\">S&rsquo;ensuit une p\u00e9riode de manifestations li\u00e9es \u00e0 celles contre la r\u00e9forme des retraites, puis d&rsquo;occupation de l&rsquo;\u00e9cole, mais l&rsquo;ann\u00e9e scolaire se termine sans que la fermeture de l&rsquo;ESAD ait \u00e9t\u00e9 repouss\u00e9e. \u00ab\u00a0La derni\u00e8re ann\u00e9e, c&rsquo;est dix-neuf \u00e9l\u00e8ves, quatorze professeurs et entre 5 000 et 6 000 m\u00e8tres carr\u00e9s de b\u00e2timents. Parce qu&rsquo;il y a eu une d\u00e9cision qui avait \u00e9t\u00e9 prise par la mairie et par la DRAC (Direction R\u00e9gionale des Affaires Culturelles) de ne pas reprendre d&rsquo;\u00e9l\u00e8ves, donc faire ce qu&rsquo;on appelle une ann\u00e9e blanche. On avait \u00e9t\u00e9 effac\u00e9s de Parcoursup. C&rsquo;est vrai que l\u00e0, il y a eu des grands moments de solitude dans l&rsquo;\u00e9cole et ce grand vide.\u00a0\u00bb<\/p>\n<p class=\"PopSlotParagraph qg-tx2 qg-xtra-lh svelte-1r0pyek\">Le 27 juillet 2025, les \u00e9tudiants, \u00e9tudiantes, anciens \u00e9tudiants et \u00e9tudiantes, les \u00e9quipes p\u00e9dagogiques et administratives se sont r\u00e9unis pour un dernier soir dans l&rsquo;\u00e9cole&#8230;<\/p>\n<p class=\"PopSlotParagraph qg-tx2 qg-xtra-lh svelte-1r0pyek\">Merci \u00e0 Chlo\u00e9 Terr\u00e9e, Laurette Bremme et les derniers \u00e9l\u00e8ves de la derni\u00e8re promotion de l&rsquo;\u00e9cole de Valenciennes\u00a0; ainsi que leurs professeurs Soumaya Nader, Julien Rodriguez et l&rsquo;ensemble de l&rsquo;\u00e9quipe de l&rsquo;ESAD.<\/p>\n<ul>\n<li><strong>Reportage\u00a0:<\/strong>\u00a0Jeanne Mayer<\/li>\n<li><strong>R\u00e9alisation\u00a0:<\/strong>\u00a0Eric Lancien<\/li>\n<\/ul>\n<p class=\"PopSlotParagraph qg-tx2 qg-xtra-lh svelte-1r0pyek\"><strong>Musique de fin\u00a0:<\/strong> \u00ab\u00a0Sitting on a Log\u00a0\u00bb, Mezerg, 2023.<\/p>\n","protected":false},"excerpt":{"rendered":"Cela fait deux ans que Chlo\u00e9 est dipl\u00f4m\u00e9e de l&rsquo;\u00c9cole sup\u00e9rieure d&rsquo;art et de design de Valenciennes (ESAD).&hellip;\n","protected":false},"author":2,"featured_media":346462,"comment_status":"","ping_status":"","sticky":false,"template":"","format":"standard","meta":{"footnotes":""},"categories":[1358],"tags":[1348,1384,1385,1386,58,59,1011,27],"class_list":{"0":"post-346461","1":"post","2":"type-post","3":"status-publish","4":"format-standard","5":"has-post-thumbnail","7":"category-arts-et-design","8":"tag-arts","9":"tag-arts-and-design","10":"tag-arts-et-design","11":"tag-design","12":"tag-divertissement","13":"tag-entertainment","14":"tag-fr","15":"tag-france"},"share_on_mastodon":{"url":"https:\/\/pubeurope.com\/@fr\/115098122604167036","error":""},"_links":{"self":[{"href":"https:\/\/www.europesays.com\/fr\/wp-json\/wp\/v2\/posts\/346461","targetHints":{"allow":["GET"]}}],"collection":[{"href":"https:\/\/www.europesays.com\/fr\/wp-json\/wp\/v2\/posts"}],"about":[{"href":"https:\/\/www.europesays.com\/fr\/wp-json\/wp\/v2\/types\/post"}],"author":[{"embeddable":true,"href":"https:\/\/www.europesays.com\/fr\/wp-json\/wp\/v2\/users\/2"}],"replies":[{"embeddable":true,"href":"https:\/\/www.europesays.com\/fr\/wp-json\/wp\/v2\/comments?post=346461"}],"version-history":[{"count":0,"href":"https:\/\/www.europesays.com\/fr\/wp-json\/wp\/v2\/posts\/346461\/revisions"}],"wp:featuredmedia":[{"embeddable":true,"href":"https:\/\/www.europesays.com\/fr\/wp-json\/wp\/v2\/media\/346462"}],"wp:attachment":[{"href":"https:\/\/www.europesays.com\/fr\/wp-json\/wp\/v2\/media?parent=346461"}],"wp:term":[{"taxonomy":"category","embeddable":true,"href":"https:\/\/www.europesays.com\/fr\/wp-json\/wp\/v2\/categories?post=346461"},{"taxonomy":"post_tag","embeddable":true,"href":"https:\/\/www.europesays.com\/fr\/wp-json\/wp\/v2\/tags?post=346461"}],"curies":[{"name":"wp","href":"https:\/\/api.w.org\/{rel}","templated":true}]}}