{"id":346463,"date":"2025-08-27T01:25:14","date_gmt":"2025-08-27T01:25:14","guid":{"rendered":"https:\/\/www.europesays.com\/fr\/346463\/"},"modified":"2025-08-27T01:25:14","modified_gmt":"2025-08-27T01:25:14","slug":"fier-de-80-automnes-independants","status":"publish","type":"post","link":"https:\/\/www.europesays.com\/fr\/346463\/","title":{"rendered":"\u00ab Fier de 80 automnes ind\u00e9pendants \u00bb"},"content":{"rendered":"<p style=\"text-align: center;\"><strong><img decoding=\"async\" title=\"\u00ab Fier de 80 automnes ind\u00e9pendants \u00bb\" data-socail-link=\"https:\/\/baocantho.com.vn\/-tu-hao-80-mua-thu-doc-lap--a190115.html\" class=\"zoomimg\" alt=\"\" src=\"https:\/\/www.europesays.com\/fr\/wp-content\/uploads\/2025\/08\/c2e3d448ed6c4fe99bc387dcbddda3d0.webp\" style=\"width: 700px; height: 415px;\"\/><\/strong><\/p>\n<p style=\"text-align: center;\"> Les membres du syndicat des jeunes de la ville visitent l&rsquo;exposition de livres.<\/p>\n<p style=\"text-align: justify;\"> \u00ab Cette exposition nous offre de nombreux ouvrages pr\u00e9cieux et indispensables pour en apprendre davantage sur la R\u00e9volution d&rsquo;ao\u00fbt et la F\u00eate nationale du 2 septembre \u00bb, a d\u00e9clar\u00e9 Vo Quoc Khanh, \u00e9tudiant \u00e0 la Facult\u00e9 des sciences <a class=\"data-link\" data-org-href=\"https:\/\/www.vietnam.vn\/category\/chinh-tri\" href=\"https:\/\/www.vietnam.vn\/category\/chinh-tri\" title=\"Politique\" target=\"_blank\" rel=\"nofollow noopener\">politiques<\/a> , sociales et humaines de l&rsquo;Universit\u00e9 de Can Tho, apr\u00e8s sa visite. Le groupe d&rsquo;amis qui accompagnait Quoc Khanh a \u00e9galement examin\u00e9 attentivement chaque livre, parcourant l&rsquo;espace d&rsquo;exposition dans son int\u00e9gralit\u00e9. Ils se sont longuement arr\u00eat\u00e9s devant les livres recr\u00e9ant l&rsquo;atmosph\u00e8re historique de l&rsquo;automne d&rsquo;ao\u00fbt d&rsquo;il y a 80 ans, ainsi que devant les pages \u00e9voquant l&rsquo;importance et la signification contemporaine de ce moment sacr\u00e9 : le pr\u00e9sident Ho Chi Minh lut la D\u00e9claration d&rsquo;ind\u00e9pendance, donnant naissance \u00e0 la R\u00e9publique d\u00e9mocratique du Vietnam, aujourd&rsquo;hui R\u00e9publique socialiste du Vietnam\u2026<\/p>\n<p style=\"text-align: justify;\"> Selon le responsable de la biblioth\u00e8que municipale <a class=\"data-link\" data-org-href=\"https:\/\/www.vietnam.vn\/destination\/can-tho\" href=\"https:\/\/www.vietnam.vn\/destination\/can-tho\" title=\"Can Tho\" target=\"_blank\" rel=\"nofollow noopener\">de Can Tho<\/a> , il s&rsquo;agit d&rsquo;une activit\u00e9 concr\u00e8te pour c\u00e9l\u00e9brer le 80e anniversaire de la R\u00e9volution d&rsquo;ao\u00fbt (19 ao\u00fbt 1945 &#8211; 19 ao\u00fbt 2025) et la F\u00eate nationale de la R\u00e9publique socialiste du Vietnam (2 septembre 1945 &#8211; 2 septembre 2025). L&rsquo;exposition est une activit\u00e9 culturelle riche de sens, qui ram\u00e8ne les lecteurs \u00e0 des moments historiques importants, suscite la fiert\u00e9 nationale et nourrit l&rsquo;amour de la patrie.<\/p>\n<p style=\"text-align: justify;\"> Avec plus de 300 documents et livres soigneusement s\u00e9lectionn\u00e9s, \u00ab\u00a0Fiers de 80 automnes ind\u00e9pendants\u00a0\u00bb d\u00e9peint de mani\u00e8re syst\u00e9matique et vivante les 80 ans de parcours, sem\u00e9s d&#8217;emb\u00fbches mais aussi glorieux, du peuple vietnamien. L&rsquo;exposition est divis\u00e9e en trois parties. La premi\u00e8re, intitul\u00e9e \u00ab\u00a0R\u00e9volution d&rsquo;Ao\u00fbt\u00a0\u2013 Un tournant majeur dans l&rsquo;histoire du peuple vietnamien\u00a0\u00bb, permet aux visiteurs de visualiser le contexte social du Vietnam sous la domination des colonialistes fran\u00e7ais et des fascistes japonais. Parall\u00e8lement, les documents expos\u00e9s soulignent le r\u00f4le de leadership avis\u00e9 du <a class=\"data-link\" data-org-href=\"https:\/\/www.vietnam.vn\/authors\/dangcongsan-vn\" href=\"https:\/\/www.vietnam.vn\/authors\/dangcongsan-vn\" title=\"Parti communiste du Vietnam\" target=\"_blank\" rel=\"nofollow noopener\">Parti communiste vietnamien<\/a> et du pr\u00e9sident H\u00f4 Chi Minh, ainsi que l&rsquo;enthousiasme des masses lors du soul\u00e8vement g\u00e9n\u00e9ral pour la prise du pouvoir lors de la R\u00e9volution d&rsquo;Ao\u00fbt. Sous le th\u00e8me \u00ab\u00a0F\u00eate nationale du 2\u00a0septembre et f\u00eates de l&rsquo;Ind\u00e9pendance\u00a0\u00bb, l&rsquo;exposition recr\u00e9e l&rsquo;atmosph\u00e8re sacr\u00e9e du 2\u00a0septembre\u00a01945 sur la place historique Ba Dinh, retra\u00e7ant les d\u00e9buts de la construction du jeune gouvernement, l&rsquo;\u0153uvre d&rsquo;\u00e9radication de la faim et de l&rsquo;analphab\u00e9tisme et la pr\u00e9servation des acquis de la r\u00e9volution. L&rsquo;exposition permet ainsi au public de mieux comprendre la valeur de l&rsquo;ind\u00e9pendance et de la libert\u00e9. La troisi\u00e8me partie de l&rsquo;exposition, intitul\u00e9e \u00ab Vietnam \u2013 80 ans de progr\u00e8s constants \u00bb, esquisse l&rsquo;image d&rsquo;un Vietnam en pleine ascension dans une nouvelle \u00e8re, plein d&rsquo;ambition et poursuivant fi\u00e8rement son chemin vers 80 ans d&rsquo;ind\u00e9pendance, de libert\u00e9 et de bonheur\u00a0!<\/p>\n<p style=\"text-align: justify;\"> Afin de susciter la fiert\u00e9 nationale et d&rsquo;encourager les jeunes \u00e0 aimer les livres et les documents historiques, la biblioth\u00e8que municipale de Can Tho organise \u00e9galement des quiz anim\u00e9s avec des prix. Les \u00e9l\u00e8ves ont r\u00e9pondu correctement et avec pr\u00e9cision aux questions sur les \u00e9v\u00e9nements historiques de la R\u00e9volution d&rsquo;ao\u00fbt et de la F\u00eate nationale du 2 septembre, t\u00e9moignant de l&rsquo;int\u00e9r\u00eat des jeunes pour les traditions nationales. M. Luong Huu Khanh, de l&rsquo;Union des jeunes du quartier de Cai Khe, a d\u00e9clar\u00e9 que cette exposition \u00e9tait tr\u00e8s significative pour lui et ses amis. Outre l&rsquo;acquisition de nouvelles connaissances et la r\u00e9vision de connaissances historiques, elle a \u00e9galement suscit\u00e9 la fiert\u00e9 nationale. L&rsquo;Union des jeunes du quartier de Cai Khe d\u00e9veloppera ce sujet et encouragera les membres de l&rsquo;association et les jeunes \u00e0 le visiter et \u00e0 en apprendre davantage. Ho Ngoc Minh Chau, \u00e9tudiant \u00e0 la Facult\u00e9 des sciences politiques, sociales et humaines de l&rsquo;Universit\u00e9 de Can Tho, a quant \u00e0 lui d\u00e9clar\u00e9 : \u00ab En regardant l&rsquo;image de l&rsquo;Oncle Ho lisant la D\u00e9claration d&rsquo;ind\u00e9pendance sur la couverture du livre, mon c\u0153ur est rempli d&rsquo;une immense fiert\u00e9 ! \u00bb <\/p>\n<tr>\n<td>\n<p style=\"text-align: center;\"> <strong>Brochure d&rsquo;information sp\u00e9ciale \u00ab Fiers de 80 automnes ind\u00e9pendants \u00bb<\/strong><\/p>\n<p> Afin de fournir aux lecteurs des documents riches et pr\u00e9cis sur la R\u00e9volution d&rsquo;ao\u00fbt et la F\u00eate nationale du 2 septembre, la Biblioth\u00e8que municipale de Can Tho a cr\u00e9\u00e9 une collection d&rsquo;informations sp\u00e9ciale \u00ab Fiers de 80 automnes ind\u00e9pendants \u00bb.<\/p>\n<p> Cet ensemble d&rsquo;informations comprend des documents authentiques rassembl\u00e9s, s\u00e9lectionn\u00e9s et class\u00e9s en quatre parties\u00a0: Contexte historique, d\u00e9veloppements de la R\u00e9volution d&rsquo;ao\u00fbt et naissance de la R\u00e9publique d\u00e9mocratique du Vietnam\u00a0; Importance historique, le\u00e7ons tir\u00e9es de la R\u00e9volution d&rsquo;ao\u00fbt 1945 et signification contemporaine de la fondation de la R\u00e9publique d\u00e9mocratique du Vietnam\u00a0; Quelques souvenirs de t\u00e9moins historiques\u00a0; Le Vietnam apr\u00e8s 80\u00a0ans de la fondation du pays. L&rsquo;ensemble d&rsquo;informations comprend \u00e9galement une annexe\u00a0: R\u00e9pertoire des documents sur la guerre de r\u00e9sistance contre le colonialisme fran\u00e7ais disponibles \u00e0 la Biblioth\u00e8que municipale de Can Tho et codes QR pour acc\u00e9der aux collections num\u00e9riques de la Biblioth\u00e8que municipale de Can Tho.<\/p>\n<p> Les lecteurs peuvent consulter le texte int\u00e9gral de cette collection d&rsquo;informations sp\u00e9cialis\u00e9es \u00e0 l&rsquo;adresse suivante : https:\/\/cantholib.org.vn\/Ebook\/TTCD_TU_HAO_80_MUA_THU_DOC_LAP\/mobile\/index.html.<\/p>\n<\/td>\n<\/tr>\n<p style=\"text-align: right;\"> <strong>Article et photos : DANG HUYNH<\/strong><\/p>\n<p class=\"mb-0\"> Source : https:\/\/baocantho.com.vn\/-tu-hao-80-mua-thu-doc-lap&#8211;a190115.html<\/p>\n","protected":false},"excerpt":{"rendered":"Les membres du syndicat des jeunes de la ville visitent l&rsquo;exposition de livres. \u00ab Cette exposition nous offre&hellip;\n","protected":false},"author":2,"featured_media":346464,"comment_status":"","ping_status":"","sticky":false,"template":"","format":"standard","meta":{"footnotes":""},"categories":[1357],"tags":[1379,58,59,48256,1011,27,1380],"class_list":{"0":"post-346463","1":"post","2":"type-post","3":"status-publish","4":"format-standard","5":"has-post-thumbnail","7":"category-livres","8":"tag-books","9":"tag-divertissement","10":"tag-entertainment","11":"tag-exposition-de-livres","12":"tag-fr","13":"tag-france","14":"tag-livres"},"share_on_mastodon":{"url":"https:\/\/pubeurope.com\/@fr\/115098125893805114","error":""},"_links":{"self":[{"href":"https:\/\/www.europesays.com\/fr\/wp-json\/wp\/v2\/posts\/346463","targetHints":{"allow":["GET"]}}],"collection":[{"href":"https:\/\/www.europesays.com\/fr\/wp-json\/wp\/v2\/posts"}],"about":[{"href":"https:\/\/www.europesays.com\/fr\/wp-json\/wp\/v2\/types\/post"}],"author":[{"embeddable":true,"href":"https:\/\/www.europesays.com\/fr\/wp-json\/wp\/v2\/users\/2"}],"replies":[{"embeddable":true,"href":"https:\/\/www.europesays.com\/fr\/wp-json\/wp\/v2\/comments?post=346463"}],"version-history":[{"count":0,"href":"https:\/\/www.europesays.com\/fr\/wp-json\/wp\/v2\/posts\/346463\/revisions"}],"wp:featuredmedia":[{"embeddable":true,"href":"https:\/\/www.europesays.com\/fr\/wp-json\/wp\/v2\/media\/346464"}],"wp:attachment":[{"href":"https:\/\/www.europesays.com\/fr\/wp-json\/wp\/v2\/media?parent=346463"}],"wp:term":[{"taxonomy":"category","embeddable":true,"href":"https:\/\/www.europesays.com\/fr\/wp-json\/wp\/v2\/categories?post=346463"},{"taxonomy":"post_tag","embeddable":true,"href":"https:\/\/www.europesays.com\/fr\/wp-json\/wp\/v2\/tags?post=346463"}],"curies":[{"name":"wp","href":"https:\/\/api.w.org\/{rel}","templated":true}]}}