{"id":346465,"date":"2025-08-27T01:26:10","date_gmt":"2025-08-27T01:26:10","guid":{"rendered":"https:\/\/www.europesays.com\/fr\/346465\/"},"modified":"2025-08-27T01:26:10","modified_gmt":"2025-08-27T01:26:10","slug":"romy-de-secret-story-elle-refuse-detre-prise-en-photo-avec-ses-fans-dans-la-rue","status":"publish","type":"post","link":"https:\/\/www.europesays.com\/fr\/346465\/","title":{"rendered":"Romy de \u00abSecret Story\u00bb: Elle refuse d&rsquo;\u00eatre prise en photo avec ses fans dans la rue"},"content":{"rendered":"<p>Si Romy a procur\u00e9 une joie immense \u00e0 ses fans lors de sa victoire dans la saison 13 de \u00abSecret Story\u00bb, le 7 ao\u00fbt 2025 sur TFX, elle en d\u00e9\u00e7oit aussi beaucoup depuis sa sortie de l&rsquo;\u00e9mission de t\u00e9l\u00e9r\u00e9alit\u00e9. La raison? La Fran\u00e7aise de 29 ans refuse d&rsquo;\u00eatre prise en photo avec eux lorsqu&rsquo;ils la croisent dans la rue. Face \u00e0 la col\u00e8re et l&rsquo;incompr\u00e9hension de ses admirateurs, la Fran\u00e7aise de 29 ans s&rsquo;est expliqu\u00e9e lors d&rsquo;un live avec son acolyte dans l&rsquo;\u00e9mission, Mayer, sur Instagram.<\/p>\n<p><b>Romy a tenu \u00e0 pr\u00e9ciser qu&rsquo;il ne s&rsquo;agissait en aucun cas de m\u00e9pris.\u00a0<\/b>\u00abJe voulais juste passer un petit mot \u00e0 toutes les personnes que j&rsquo;ai pu croiser, si je vous refuse une photo, s&rsquo;il vous pla\u00eet, je vous en supplie, ne m&rsquo;en voulez pas. Je ne suis pas une rockstar, je ne suis personne. Quand je vous vois, je suis tr\u00e8s intimid\u00e9e, je suis tr\u00e8s timide. On pourrait croire que je suis extravertie, mais je suis grave timide.\u00a0Vous \u00eates grave mignons, je vous donne tout l&rsquo;amour que vous voulez, mais parfois les photos, je suis d\u00e9sol\u00e9e, je vais vous dire non\u00bb, s&rsquo;est-elle justifi\u00e9e.<\/p>\n<p>Ses propos ont \u00e9t\u00e9 appuy\u00e9s par Mayer qui a reconnu que cette notori\u00e9t\u00e9 soudaine \u00e9tait parfois \u00abimpressionnante\u00bb. \u00c0 la suite des explications de Romy, de nombreux internautes ont mieux compris son comportement.<\/p>\n","protected":false},"excerpt":{"rendered":"Si Romy a procur\u00e9 une joie immense \u00e0 ses fans lors de sa victoire dans la saison 13&hellip;\n","protected":false},"author":2,"featured_media":346466,"comment_status":"","ping_status":"","sticky":false,"template":"","format":"standard","meta":{"footnotes":""},"categories":[1356],"tags":[58,59,1011,27,252,1364],"class_list":{"0":"post-346465","1":"post","2":"type-post","3":"status-publish","4":"format-standard","5":"has-post-thumbnail","7":"category-television","8":"tag-divertissement","9":"tag-entertainment","10":"tag-fr","11":"tag-france","12":"tag-television","13":"tag-tv"},"share_on_mastodon":{"url":"","error":""},"_links":{"self":[{"href":"https:\/\/www.europesays.com\/fr\/wp-json\/wp\/v2\/posts\/346465","targetHints":{"allow":["GET"]}}],"collection":[{"href":"https:\/\/www.europesays.com\/fr\/wp-json\/wp\/v2\/posts"}],"about":[{"href":"https:\/\/www.europesays.com\/fr\/wp-json\/wp\/v2\/types\/post"}],"author":[{"embeddable":true,"href":"https:\/\/www.europesays.com\/fr\/wp-json\/wp\/v2\/users\/2"}],"replies":[{"embeddable":true,"href":"https:\/\/www.europesays.com\/fr\/wp-json\/wp\/v2\/comments?post=346465"}],"version-history":[{"count":0,"href":"https:\/\/www.europesays.com\/fr\/wp-json\/wp\/v2\/posts\/346465\/revisions"}],"wp:featuredmedia":[{"embeddable":true,"href":"https:\/\/www.europesays.com\/fr\/wp-json\/wp\/v2\/media\/346466"}],"wp:attachment":[{"href":"https:\/\/www.europesays.com\/fr\/wp-json\/wp\/v2\/media?parent=346465"}],"wp:term":[{"taxonomy":"category","embeddable":true,"href":"https:\/\/www.europesays.com\/fr\/wp-json\/wp\/v2\/categories?post=346465"},{"taxonomy":"post_tag","embeddable":true,"href":"https:\/\/www.europesays.com\/fr\/wp-json\/wp\/v2\/tags?post=346465"}],"curies":[{"name":"wp","href":"https:\/\/api.w.org\/{rel}","templated":true}]}}