{"id":346469,"date":"2025-08-27T01:28:12","date_gmt":"2025-08-27T01:28:12","guid":{"rendered":"https:\/\/www.europesays.com\/fr\/346469\/"},"modified":"2025-08-27T01:28:12","modified_gmt":"2025-08-27T01:28:12","slug":"james-wan-veut-enfin-apporter-un-peu-de-nouveaute-apres-lannulation-du-11e-film","status":"publish","type":"post","link":"https:\/\/www.europesays.com\/fr\/346469\/","title":{"rendered":"James Wan veut enfin apporter un peu de nouveaut\u00e9 apr\u00e8s l&rsquo;annulation du 11e film"},"content":{"rendered":"<p><strong>La saga <a href=\"https:\/\/www.ecranlarge.com\/films\/838552-saw-i\" data-type=\"films\" data-id=\"653981\" rel=\"nofollow noopener\" target=\"_blank\">Saw <\/a>est d\u00e9sormais officiellement entre les mains de <a href=\"https:\/\/www.ecranlarge.com\/personnalite\/657507-james-wan\" data-type=\"people\" data-id=\"3386\" rel=\"nofollow noopener\" target=\"_blank\">James Wan<\/a>, r\u00e9alisateur du premier film. Et il a de grands projets pour son futur.<\/strong><\/p>\n<p>C\u2019est ce qui s\u2019appelle percer avec panache. Au d\u00e9but des ann\u00e9es 2000, le r\u00e9alisateur James Wan et le sc\u00e9nariste Leigh Whannell ont pris de court toute l\u2019industrie <strong>lorsqu\u2019ils ont braqu\u00e9 le box-office avec un micro-budget en huis clos<\/strong>, <strong>Saw<\/strong>. Avec \u00e0 peine 1,2 millions de dollars, ils en ont g\u00e9n\u00e9r\u00e9 104 millions, soit l\u2019un des retours sur investissement les plus sensationnels du moment. Et apr\u00e8s ce coup d\u2019\u00e9clat, ils sont all\u00e9s secouer le cin\u00e9ma d\u2019horreur am\u00e9ricain fauch\u00e9 avec <strong>Dead Silence<\/strong> et <strong>Insidious<\/strong>.<\/p>\n<p>                    <img decoding=\"async\" alt=\"\" class=\"wp-image-518375\" style=\"object-fit:cover;width:25px;height:25px\" src=\"https:\/\/www.ecranlarge.com\/content\/uploads\/2023\/09\/arrow-right-circle.svg\"\/><\/p>\n<p>Mais si Leigh Whannell est rest\u00e9 sc\u00e9nariste sur <strong><a href=\"https:\/\/www.ecranlarge.com\/films\/839257-saw-ii\" data-type=\"films\" data-id=\"654684\" rel=\"nofollow noopener\" target=\"_blank\">Saw 2<\/a><\/strong> et <strong><a href=\"https:\/\/www.ecranlarge.com\/films\/841896-saw-iii\" data-type=\"films\" data-id=\"657298\" rel=\"nofollow noopener\" target=\"_blank\">Saw 3<\/a><\/strong>, James Wan s\u2019est content\u00e9 d\u2019un cr\u00e9dit de producteur d\u00e9l\u00e9gu\u00e9. Vingt ans plus tard, <strong>la franchise a eu neuf suites <\/strong>et le metteur en sc\u00e8ne est devenu un cador hollywoodien, qui a rendu ses producteurs (y compris lui-m\u00eame) tr\u00e8s riches gr\u00e2ce \u00e0 <strong>Conjuring<\/strong>, <strong>Fast &amp; Furious 7<\/strong> et <strong>Aquaman<\/strong>. Et voil\u00e0 que les droits de <strong>Saw<\/strong> lui reviennent entre les mains. <strong>Pour la premi\u00e8re fois, il explique ce qu\u2019il compte en faire<\/strong>.<\/p>\n<p><a href=\"https:\/\/www.ecranlarge.com\/content\/uploads\/2025\/03\/qfvm2bzc6f4yjx1fliekgszcsfw.jpg\" rel=\"nofollow noopener\" target=\"_blank\"><\/p>\n<p><img loading=\"lazy\" decoding=\"async\" alt=\"saw cary elwes\" src=\"https:\/\/www.europesays.com\/fr\/wp-content\/uploads\/2025\/08\/qfvm2bzc6f4yjx1fliekgszcsfw-1260x709.jpg\" width=\"1260\" height=\"709\"  \/><\/p>\n<p><\/a>C\u2019est le pied !Saw : du d\u00e9j\u00e0 vu ?<\/p>\n<p>Pour rappel, le succ\u00e8s de <strong><a href=\"https:\/\/www.ecranlarge.com\/films\/1444398-untitled-saw-movie\" data-type=\"films\" data-id=\"692723\" rel=\"nofollow noopener\" target=\"_blank\">Saw X<\/a><\/strong> en 2023 avait instantan\u00e9ment motiv\u00e9 la mise en chantier d\u2019un onzi\u00e8me opus, qui aurait d\u00fb prendre sa suite directe. Toutefois, un obscur conflit interne impliquant les producteurs historiques de Twisted Pictures et le studio Lionsgate a retard\u00e9, puis carr\u00e9ment <strong>annul\u00e9 cet \u00e9ni\u00e8me film<\/strong> explorant encore un angle mort de l\u2019agonie \u2013 d\u00e9cid\u00e9ment tr\u00e8s productive \u2013 de Jigsaw. <\/p>\n<p>                    <img decoding=\"async\" alt=\"\" class=\"wp-image-518375\" style=\"object-fit:cover;width:25px;height:25px\" src=\"https:\/\/www.ecranlarge.com\/content\/uploads\/2023\/09\/arrow-right-circle.svg\"\/><\/p>\n<p>En juin 2025,<strong> le fameux studio Blumhouse avait alors rachet\u00e9 une partie des droits de la franchise<\/strong>, toujours en partenariat avec Lionsgate. Et il compte bien l\u2019utiliser. Or, la firme de Jason Blum a fusionn\u00e9 en 2024 avec <strong>Atomic Monster, celle de\u2026 James Wan<\/strong>. Le r\u00e9alisateur du film original r\u00e9cup\u00e8re donc le contr\u00f4le d\u2019une franchise qui a \u00e9volu\u00e9 sans lui et on sait d\u00e9sormais qu\u2019il sera impliqu\u00e9 dans le prochain volet. <\/p>\n<p><a href=\"https:\/\/www.ecranlarge.com\/content\/uploads\/2023\/10\/saw-x-photo-1493954.webp\" rel=\"nofollow noopener\" target=\"_blank\"><img loading=\"lazy\" decoding=\"async\" alt=\"Saw X : photo\" class=\"wp-image-799584\" src=\"https:\/\/www.europesays.com\/fr\/wp-content\/uploads\/2025\/08\/saw-x-photo-1493954-630x420.webp.webp\" width=\"630\" height=\"420\"  \/><\/a>La marionnette la plus recycl\u00e9e de l\u2019histoire du cin\u00e9ma<\/p>\n<p>Alors en pleine promotion de <strong>Conjuring : L\u2019Heure du jugement<\/strong>, dont il est producteur, James Wan a parl\u00e9 \u00e0 Screenrant de sa vision pour le futur de <strong>Saw<\/strong> :<\/p>\n<blockquote class=\"wp-block-quote is-layout-flow wp-block-quote-is-layout-flow\">\n<p><strong>\u00ab\u00a0Des nouvelles ? Il est un peu t\u00f4t pour en parler, mais il va sans dire que celui-ci me r\u00e9jouit beaucoup. Simplement parce que je n\u2019avais pas grand-chose \u00e0 voir avec la franchise depuis ses d\u00e9buts. Je pense que c\u2019est un d\u00e9fi int\u00e9ressant parce que j\u2019ai l\u2019occasion de revenir au film qui a lanc\u00e9 ma carri\u00e8re \u2013 la mienne et celle de Leigh Whannell. <\/strong><\/p>\n<p><strong>Je ne prends pas du tout \u00e7a \u00e0 la l\u00e9g\u00e8re, et j\u2019ai clairement envie de trouver un moyen de rendre le prochain film respectueux de ce que les fans aiment dans la franchise, tout en lui trouvant un nouveau public. C\u2019est une franchise qui a 20 ans, et je suis convaincu que trouver un nouveau d\u00e9part, \u00e0 un certain niveau, est important, tout en restant fid\u00e8le au monde qu\u2019on a cr\u00e9\u00e9.\u00a0\u00bb<\/strong><\/p>\n<\/blockquote>\n<p><a href=\"https:\/\/www.ecranlarge.com\/content\/uploads\/2025\/03\/lctsypgcknlaau8ed824cfvf70l.jpg\" rel=\"nofollow noopener\" target=\"_blank\"><\/p>\n<p><img loading=\"lazy\" decoding=\"async\" alt=\"saw 2 tobin bell\" src=\"https:\/\/www.europesays.com\/fr\/wp-content\/uploads\/2025\/08\/lctsypgcknlaau8ed824cfvf70l-1260x709.jpg\" width=\"1260\" height=\"709\"  \/><\/p>\n<p><\/a>Le pauvre Tobin Bell va-t-il enfin pouvoir prendre sa retraite ?<\/p>\n<p>Le projet \u00e9tant \u00e9videmment encore tr\u00e8s flou, sa r\u00e9ponse est \u00e9galement tr\u00e8s ti\u00e8de. Il ne veut vexer personne. Mais ses envies de nouveaut\u00e9 feront hausser quelques sourcils. <strong>Blumhouse va-t-il jouer la carte du reboot<\/strong> et cesser de s\u2019intercaler entre les volets pr\u00e9c\u00e9dents pour soigneusement \u00e9viter la mort de Jigsaw ? Attention toutefois \u00e0 ne pas tomber dans le pi\u00e8ge <strong>Spirale<\/strong>, qui, en voulant revenir \u00e0 une ambiance de thriller post-<strong>Seven<\/strong>, \u00e9tait devenu la seule v\u00e9ritable contreperformance de la saga au box-office.<\/p>\n<p>                    <img decoding=\"async\" alt=\"\" class=\"wp-image-518375\" style=\"object-fit:cover;width:25px;height:25px\" src=\"https:\/\/www.ecranlarge.com\/content\/uploads\/2023\/09\/arrow-right-circle.svg\"\/><\/p>\n<p>\u00c0 voir aussi le niveau d\u2019implication de James Wan. Sera-t-il \u00e0 un poste cr\u00e9atif ou se contentera-t-il de la production ? R\u00e9ponses dans le prochain jeu mortel.<\/p>\n","protected":false},"excerpt":{"rendered":"La saga Saw est d\u00e9sormais officiellement entre les mains de James Wan, r\u00e9alisateur du premier film. Et il&hellip;\n","protected":false},"author":2,"featured_media":346470,"comment_status":"","ping_status":"","sticky":false,"template":"","format":"standard","meta":{"footnotes":""},"categories":[1354],"tags":[58,59,1346,1011,27,1360],"class_list":{"0":"post-346469","1":"post","2":"type-post","3":"status-publish","4":"format-standard","5":"has-post-thumbnail","7":"category-films","8":"tag-divertissement","9":"tag-entertainment","10":"tag-films","11":"tag-fr","12":"tag-france","13":"tag-movies"},"share_on_mastodon":{"url":"https:\/\/pubeurope.com\/@fr\/115098138332671175","error":""},"_links":{"self":[{"href":"https:\/\/www.europesays.com\/fr\/wp-json\/wp\/v2\/posts\/346469","targetHints":{"allow":["GET"]}}],"collection":[{"href":"https:\/\/www.europesays.com\/fr\/wp-json\/wp\/v2\/posts"}],"about":[{"href":"https:\/\/www.europesays.com\/fr\/wp-json\/wp\/v2\/types\/post"}],"author":[{"embeddable":true,"href":"https:\/\/www.europesays.com\/fr\/wp-json\/wp\/v2\/users\/2"}],"replies":[{"embeddable":true,"href":"https:\/\/www.europesays.com\/fr\/wp-json\/wp\/v2\/comments?post=346469"}],"version-history":[{"count":0,"href":"https:\/\/www.europesays.com\/fr\/wp-json\/wp\/v2\/posts\/346469\/revisions"}],"wp:featuredmedia":[{"embeddable":true,"href":"https:\/\/www.europesays.com\/fr\/wp-json\/wp\/v2\/media\/346470"}],"wp:attachment":[{"href":"https:\/\/www.europesays.com\/fr\/wp-json\/wp\/v2\/media?parent=346469"}],"wp:term":[{"taxonomy":"category","embeddable":true,"href":"https:\/\/www.europesays.com\/fr\/wp-json\/wp\/v2\/categories?post=346469"},{"taxonomy":"post_tag","embeddable":true,"href":"https:\/\/www.europesays.com\/fr\/wp-json\/wp\/v2\/tags?post=346469"}],"curies":[{"name":"wp","href":"https:\/\/api.w.org\/{rel}","templated":true}]}}