{"id":346473,"date":"2025-08-27T01:30:26","date_gmt":"2025-08-27T01:30:26","guid":{"rendered":"https:\/\/www.europesays.com\/fr\/346473\/"},"modified":"2025-08-27T01:30:26","modified_gmt":"2025-08-27T01:30:26","slug":"deux-enormes-matchs-du-suspense-la-folle-mais-frustrante-journee-de-toma-jr-popov","status":"publish","type":"post","link":"https:\/\/www.europesays.com\/fr\/346473\/","title":{"rendered":"Deux \u00e9normes matchs, du suspense\u2026 La folle (mais frustrante) journ\u00e9e de Toma Jr Popov"},"content":{"rendered":"<p>De notre envoy\u00e9 sp\u00e9cial \u00e0 l\u2019Adidas Arena,<\/p>\n<p>C\u2019\u00e9tait la seule de la journ\u00e9e. Sur la soixantaine de matchs disput\u00e9s ce mardi \u00e0 l\u2019<a href=\"https:\/\/www.20minutes.fr\/sport\/jo_2024\/4169398-20250825-mondiaux-badminton-asie-doit-avoir-peur-bad-francais-peut-devenir-reference\" target=\"_blank\" class=\"c-link c-link--is-underlined\" rel=\"nofollow noopener\">Adidas Arena<\/a>, \u00e0 l\u2019occasion des <a href=\"https:\/\/www.20minutes.fr\/sport\/4169583-20250826-mondiaux-badminton-paris-cauchemar-climatisation-salles-ennemi-public-badistes\" target=\"_blank\" class=\"c-link c-link--is-underlined\" rel=\"nofollow noopener\">championnats du monde de badminton<\/a>, une seule et unique glissade a \u00e9t\u00e9 rep\u00e9r\u00e9e par nos yeux fatigu\u00e9s (et pas forc\u00e9ment bien synchronis\u00e9s). Elle a \u00e9t\u00e9 pour Anthony Sinisuka Ginting. Sur un volant de match \u00e0 son actif, l\u2019Indon\u00e9sien a perdu ses appuis apr\u00e8s un \u00e9norme smash et, s\u2019il a ramp\u00e9 pour tenter de ramener le volant de Toma Jr Popov, n\u2019a pas pu conclure ce premier tour tr\u00e8s disput\u00e9.<\/p>\n<p>Au contraire, huit points apr\u00e8s ce coup du sort, le Fran\u00e7ais, qui a sauv\u00e9 un autre volant de match, a remport\u00e9 son premier tour apr\u00e8s plus d\u2019une heure et demie de combat (21-18, 19-21, 25-23) face au m\u00eame adversaire, <a href=\"https:\/\/www.20minutes.fr\/sport\/4022511-20230208-jo-tokyo-2021-ancien-responsable-interpelle-affaire-appels-offres-truques\" target=\"_blank\" class=\"c-link c-link--is-underlined\" rel=\"nofollow noopener\">m\u00e9daille de bronze \u00e0 Tokyo en\u00a02021<\/a>, qu\u2019il avait battu il y a un an, au m\u00eame endroit, lors des Jeux olympiques. \u00ab\u00a0Je me suis battu \u00e0 fond, \u00e7a s\u2019est fini sur une grosse s\u00e9quence, a r\u00e9agi l\u2019a\u00een\u00e9 de la famille Popov. A la fin, quand il glisse j\u2019ai fait \u00ab\u00a0Waaaah, merci, l\u00e0 on peut l\u2019avoir\u00a0\u00bb. Je suis content que \u00e7a ait tourn\u00e9 de mon c\u00f4t\u00e9.\u00a0\u00bb<\/p>\n<p>Une belle avance g\u00e2ch\u00e9e en double<\/p>\n<p>D\u2019autant que perdre au premier tour apr\u00e8s un tel sc\u00e9nario, pour celui qui est d\u00e9sormais 3e joueur fran\u00e7ais, devanc\u00e9 par Alex Lanier et son fr\u00e8re Christo, aurait eu sans doute des r\u00e9percussions en vue du double, qu\u2019il disputait la m\u00eame journ\u00e9e avec son cadet. D\u2019ailleurs, en arrivant devant la presse apr\u00e8s sa victoire en simple, Toma Jr Popov a interrog\u00e9 un membre de la F\u00e9d\u00e9 pour savoir pourquoi il rejouait aussi vite dans la journ\u00e9e, eux qui avaient remport\u00e9 leur premier tour lundi.<\/p>\n<p class=\"mb-xxl@xs color-ultramarine font-weight-semi-bold@xs font-source-serif-pro heading-s@xs\">L\u2019acc\u00e8s \u00e0 ce contenu a \u00e9t\u00e9 bloqu\u00e9 afin de respecter votre choix de consentement<\/p>\n<p class=\"mb-m@xs text-l@xs\">En cliquant sur\u00ab J\u2019accepte \u00bb, vous acceptez le d\u00e9p\u00f4t de cookies par des services externes et aurez ainsi acc\u00e8s aux contenus de nos partenaires.<\/p>\n<p class=\"mb-xl@xs text-s@xs\">Plus d\u2019informations sur la page<a href=\"https:\/\/www.20minutes.fr\/gestion-cookies\" class=\"mx-xxs@xs color-ultramarine\" rel=\"nofollow noopener\" target=\"_blank\">Politique de gestion des cookies<\/a><\/p>\n<p>J\u2019accepte<\/p>\n<p>\u00ab\u00a0C\u2019est une gestion physique \u00e0 prendre en compte, oui, mais je pense que quand on est dans les deux tableaux, on a des responsabilit\u00e9s, on sait d\u2019avance, donc l\u00e0, je vais directement en soins, manger et me pr\u00e9parer\u00a0\u00bb, indiquait le seul joueur fran\u00e7ais vainqueur d\u2019un match ce mardi, reconnaissant quand m\u00eame qu\u2019il \u00e9tait \u00ab\u00a0mort\u00a0\u00bb.<\/p>\n<p>Heureusement pour le duo tricolore, plusieurs matchs se sont \u00e9ternis\u00e9s sur le court n\u00b01, ce qui a permis \u00e0 Toma Jr d\u2019avoir plus de temps pour r\u00e9cup\u00e9rer. Il le fallait, car il y a eu encore une \u00e9norme bataille face aux Malaisiens Man Wei Chong et Kai Wun Tee (t\u00eate de s\u00e9rie n\u00b07). Encore trois sets dans les pattes pour la fratrie, mais une conclusion malheureuse, cette fois, malgr\u00e9 une avance de cinq points dans la derni\u00e8re manche (11-16) et un moment o\u00f9 l\u2019un des deux Malaisiens a quitt\u00e9 le court pour changer de raquette en plein \u00e9change.<\/p>\n<p>\u00ab\u00a0J\u2019ai cramp\u00e9 deux fois\u00a0\u00bb<\/p>\n<p>S\u2019il n\u2019a pas mis en avant la fatigue accumul\u00e9e lors du premier match pour expliquer la d\u00e9faite, on a quand m\u00eame senti <a href=\"https:\/\/www.20minutes.fr\/sport\/jo_2024\/4103167-20240727-jo-2024-essayer-capter-attention-gens-8h30-heure-gloire-badminton-francais\" target=\"_blank\" class=\"c-link c-link--is-underlined\" rel=\"nofollow noopener\">Toma Jr Popov<\/a> un peu moins en cannes, m\u00eame si cela ne l\u2019a pas emp\u00each\u00e9 d\u2019encha\u00eener les smashs en suspension. \u00ab\u00a0J\u2019ai cramp\u00e9 deux fois, mais on a fait les choses qu\u2019il fallait, je pense que j\u2019ai tout donn\u00e9, a-t-il analys\u00e9 \u00e0 la fin de la rencontre. Christo m\u2019a aussi tr\u00e8s bien couvert aujourd\u2019hui parce qu\u2019il y a des moments o\u00f9 je n\u2019arrivais pas \u00e0 bloquer ou \u00e0 prendre quelques volants. Mais il y est all\u00e9, il m\u2019a beaucoup aid\u00e9 aussi pour que je sois dans le match et que je puisse jouer.\u00a0\u00bb<\/p>\n<\/p>\n<p>Il y avait donc des regrets apr\u00e8s cette nouvelle rencontre de plus d\u2019une heure, mais aussi la satisfaction d\u2019avoir lutt\u00e9 avec l\u2019une des meilleures paires mondiales. \u00ab\u00a0On savait qu\u2019on en \u00e9tait capables, je pense qu\u2019on prouve qu\u2019on est l\u00e0 et qu\u2019on peut challenger les n\u00b07, a minima. On a aussi challeng\u00e9 les n\u00b01 \u00e0 Singapour\u00a0\u00bb, expliquait Toma Jr. Les deux fr\u00e8res sont d\u2019ailleurs les seuls sur le circuit \u00e0 \u00eatre aussi bien top 20 en simple qu\u2019en double.<\/p>\n<p>S\u2019ils avaient promis de jouer leurs chances \u00e0 fond sur les deux tableaux pour ces Mondiaux, ils vont pouvoir d\u00e9sormais \u00eatre focus sur le simple, avec le deuxi\u00e8me tour mercredi. Et ils n\u2019auront pas \u00e0 se pr\u00e9occuper d\u2019un encha\u00eenement rapide avec un match de double. Avec l\u2019espoir de ramener la premi\u00e8re m\u00e9daille mondiale de l\u2019histoire du badminton masculin fran\u00e7ais.<\/p>\n","protected":false},"excerpt":{"rendered":"De notre envoy\u00e9 sp\u00e9cial \u00e0 l\u2019Adidas Arena, C\u2019\u00e9tait la seule de la journ\u00e9e. Sur la soixantaine de matchs&hellip;\n","protected":false},"author":2,"featured_media":346474,"comment_status":"","ping_status":"","sticky":false,"template":"","format":"standard","meta":{"footnotes":""},"categories":[9],"tags":[5406,22448,1011,27,662,626,517,60],"class_list":{"0":"post-346473","1":"post","2":"type-post","3":"status-publish","4":"format-standard","5":"has-post-thumbnail","7":"category-sports","8":"tag-badminton","9":"tag-championnats-du-monde","10":"tag-fr","11":"tag-france","12":"tag-ile-de-france","13":"tag-paris","14":"tag-sport","15":"tag-sports"},"share_on_mastodon":{"url":"https:\/\/pubeurope.com\/@fr\/115098145665889411","error":""},"_links":{"self":[{"href":"https:\/\/www.europesays.com\/fr\/wp-json\/wp\/v2\/posts\/346473","targetHints":{"allow":["GET"]}}],"collection":[{"href":"https:\/\/www.europesays.com\/fr\/wp-json\/wp\/v2\/posts"}],"about":[{"href":"https:\/\/www.europesays.com\/fr\/wp-json\/wp\/v2\/types\/post"}],"author":[{"embeddable":true,"href":"https:\/\/www.europesays.com\/fr\/wp-json\/wp\/v2\/users\/2"}],"replies":[{"embeddable":true,"href":"https:\/\/www.europesays.com\/fr\/wp-json\/wp\/v2\/comments?post=346473"}],"version-history":[{"count":0,"href":"https:\/\/www.europesays.com\/fr\/wp-json\/wp\/v2\/posts\/346473\/revisions"}],"wp:featuredmedia":[{"embeddable":true,"href":"https:\/\/www.europesays.com\/fr\/wp-json\/wp\/v2\/media\/346474"}],"wp:attachment":[{"href":"https:\/\/www.europesays.com\/fr\/wp-json\/wp\/v2\/media?parent=346473"}],"wp:term":[{"taxonomy":"category","embeddable":true,"href":"https:\/\/www.europesays.com\/fr\/wp-json\/wp\/v2\/categories?post=346473"},{"taxonomy":"post_tag","embeddable":true,"href":"https:\/\/www.europesays.com\/fr\/wp-json\/wp\/v2\/tags?post=346473"}],"curies":[{"name":"wp","href":"https:\/\/api.w.org\/{rel}","templated":true}]}}