{"id":346475,"date":"2025-08-27T01:31:11","date_gmt":"2025-08-27T01:31:11","guid":{"rendered":"https:\/\/www.europesays.com\/fr\/346475\/"},"modified":"2025-08-27T01:31:11","modified_gmt":"2025-08-27T01:31:11","slug":"pour-sa-premiere-post-c8-pascale-de","status":"publish","type":"post","link":"https:\/\/www.europesays.com\/fr\/346475\/","title":{"rendered":"pour sa premi\u00e8re post-C8, Pascale de &#8230;"},"content":{"rendered":"<p>EN BREF<\/p>\n<ul class=\"bloc_resume_post_list\">\n<li>Pascale de La Tour du Pin a d\u00e9but\u00e9 sa nouvelle \u00e9mission<br \/>\nmatinale \u00ab\u00a05\/7 Le Morning\u00a0\u00bb sur RMC le lundi matin avec Matthieu<br \/>\nBelliard.<\/li>\n<li>L\u00a0\u00bb\u00e9mission a \u00e9t\u00e9 marqu\u00e9e par un studio virtuel critiqu\u00e9<br \/>\net une m\u00e9canique d&rsquo;antenne jug\u00e9e r\u00e9p\u00e9titive et<br \/>\nbrouillonne.<\/li>\n<li>Malgr\u00e9 un d\u00e9but laborieux, Pascale de La Tour du Pin<br \/>\npourrait rapidement s&rsquo;adapter et dynamiser cette nouvelle aventure<br \/>\nmatinale.<\/li>\n<\/ul>\n<p data-start=\"668\" data-end=\"1024\">Rentr\u00e9e \u00e0 l\u2019aube pour <a href=\"https:\/\/www.telestar.fr\/actu_tv\/pascale-de-la-tour-du-pin-debarquee-deurope-1-apres-un-an-seulement-ce-nest-pas-moi-qui-vous-abandonne-1729261\" rel=\"nofollow noopener\" target=\"_blank\"><br \/>\nPascale de La Tour du Pin<\/a>. \u00c0 peine <a href=\"https:\/\/www.telestar.fr\/actu_tv\/pascale-de-la-tour-du-pin-apres-la-fin-de-c8-elle-quitte-cyril-hanouna-pour-ses-premieres-amours-1734678\" rel=\"nofollow noopener\" target=\"_blank\"><br \/>\nd\u00e9barqu\u00e9e de C8 et d\u2019Europe 1<\/a>, la journaliste a repris du<br \/>\nservice sur <a href=\"https:\/\/www.telestar.fr\/sport\/rmc-le-sport-francais-perd-lune-de-ses-voix-mythiques-qui-resonnait-depuis-37-ans-1726352\" rel=\"nofollow noopener\" target=\"_blank\"><br \/>\nRMC<\/a>. Aux c\u00f4t\u00e9s de Matthieu Belliard, elle a lanc\u00e9 lundi<br \/>\n<strong>sa nouvelle aventure matinale, 5\/7 Le<br \/>\nMorning.<\/strong> Une \u00e9mission diffus\u00e9e \u00e0 la radio, mais aussi<br \/>\nsur RMC Story, avec un plateau flambant neuf et un duo annonc\u00e9<br \/>\ncomme complice, rapportent les colonnes du Figaro.<\/p>\n<p data-start=\"1026\" data-end=\"1491\">Il \u00e9tait 4h55 quand la<br \/>\njournaliste a pris l\u2019antenne, tout sourire, malgr\u00e9 l\u2019heure.<br \/>\n\u00ab\u00a0Bah je crois que c\u2019est<br \/>\nparti\u00a0\u00bb, a-t-elle lanc\u00e9. Son confr\u00e8re a encha\u00een\u00e9 en annon\u00e7ant<br \/>\n\u00ab\u00a0la grande premi\u00e8re du<br \/>\nMorning RMC de 5 heures \u00e0 7 heures, <strong>avec un tout nouveau<br \/>\nstudio<\/strong>\u00ab\u00a0. Un studio qui a rapidement fait r\u00e9agir :<br \/>\nfaute de mobilier, ce sont des \u00e9crans qui diffusent l\u2019image d\u2019une<br \/>\ncuisine et d\u2019un salon color\u00e9s. R\u00e9sultat ? Un rendu virtuel qui<br \/>\nferait plus gadget que chaleureux&#8230;<\/p>\n<p>La premi\u00e8re de Pascale de la Tour du Pin un peu&#8230; laborieuse<br \/>\n?<\/p>\n<p data-start=\"1530\" data-end=\"2019\">La promesse du duo \u00e9tait<br \/>\nsimple : \u00ab\u00a0On va vous<br \/>\nr\u00e9veiller, vous informer, vous divertir et vous \u00e9couter\u00a0\u00bb. Mais<br \/>\nla m\u00e9canique a vite montr\u00e9 ses failles. Trois journalistes<br \/>\ndiff\u00e9rents se sont succ\u00e9d\u00e9 pour donner les infos, ce qui aurait<br \/>\ncr\u00e9\u00e9 <strong>un effet r\u00e9p\u00e9titif et brouillon<\/strong>. Pendant ce<br \/>\ntemps, <a href=\"https:\/\/www.telestar.fr\/actu-tv\/c-a-vous-qui-est-matthieu-belliard-nouveau-chroniqueur-de-c-a-vous-645546\" rel=\"nofollow noopener\" target=\"_blank\"><br \/>\nMatthieu Belliard<\/a> quittait r\u00e9guli\u00e8rement le plateau pour se<br \/>\nrendre en r\u00e9gie et r\u00e9pondre aux appels des auditeurs. Une s\u00e9quence<br \/>\nau son m\u00e9diocre, qui donnait <strong>un petit c\u00f4t\u00e9 radio<br \/>\nd\u2019antan<\/strong>, pas franchement moderne.<\/p>\n<p data-start=\"2021\" data-end=\"2619\">Pascale de La Tour du Pin,<br \/>\nelle, a tent\u00e9 d\u2019imprimer sa marque avec bonne humeur.<br \/>\n\u00ab\u00a0Je d\u00e9couvre les coll\u00e8gues,<br \/>\nbien qu\u2019on se croisait avec Matthieu Belliard un peu dans<br \/>\nl\u2019ascenseur il y a quelques ann\u00e9es\u00a0\u00bb, a-t-elle plaisant\u00e9. Mais<br \/>\nmalgr\u00e9 les sourires, le rythme restait hach\u00e9. Et les anecdotes<br \/>\npersonnelles n\u2019ont pas aid\u00e9. La journaliste a m\u00eame pris quelques<br \/>\nsecondes pour remercier un ami : \u00ab\u00a0Je voulais saluer <a href=\"https:\/\/www.telestar.fr\/actu_tv\/ne-dites-pas-que-bernard-montiel-au-bord-des-larmes-dans-quelle-epoque-1716859\" rel=\"nofollow noopener\" target=\"_blank\"><br \/>\nBernard Montiel<\/a>, que vous connaissez certainement, qui vient de<br \/>\nm\u2019envoyer <strong>un petit message pour nous souhaiter bonne<br \/>\nchance<\/strong> et une bonne rentr\u00e9e\u00a0\u00bb.<\/p>\n<p>\u00ab\u00a0Ils parlent de tout le monde sauf de<br \/>\nRMC\u00a0\u00bb<\/p>\n<p data-start=\"2666\" data-end=\"3069\">Au milieu de cette premi\u00e8re un<br \/>\npeu brouillonne, Pascale a aussi pouss\u00e9 un coup de gueule. En<br \/>\nd\u00e9couvrant un article du Parisien sur la rentr\u00e9e des radios, elle a d\u00e9plor\u00e9 :<br \/>\n\u00ab\u00a0Ils parlent de tout le monde<br \/>\nsauf de RMC. Alors, franchement, moi, <strong>\u00e7a m\u2019a fait de la<br \/>\npeine<\/strong>\u00ab\u00a0. Avant d\u2019ajouter une longue liste de<br \/>\nnouveaut\u00e9s de la station. La matin\u00e9e s\u2019est termin\u00e9e par l\u2019arriv\u00e9e<br \/>\nsurprise d\u2019<a href=\"https:\/\/www.telestar.fr\/actu_tv\/pardon-mais-cest-important-apolline-de-malherbe-insiste-et-frole-le-clash-avec-son-invite-1735921\" rel=\"nofollow noopener\" target=\"_blank\">Apolline<br \/>\nde Malherbe<\/a>. Sourire aux l\u00e8vres, elle a gliss\u00e9 une petite bise<br \/>\n\u00e0 sa cons\u0153ur en rappelant : \u00ab\u00a0On a pass\u00e9 des matins ensemble, on s\u2019est r\u00e9veill\u00e9 tr\u00e8s t\u00f4t<br \/>\npendant des ann\u00e9es \u00e0 l\u2019\u00e9poque de BFM o\u00f9 je faisais les \u00e9ditos<br \/>\npolitiques\u00a0\u00bb. Un clin d\u2019\u0153il amical pour cl\u00f4turer une \u00e9mission<br \/>\nplus sympathique qu\u2019efficace.<\/p>\n<p data-start=\"3440\" data-end=\"4014\">Il faut dire que Pascale de La<br \/>\nTour du Pin n\u2019en est pas \u00e0 son coup d\u2019essai. Elle a longtemps \u00e9t\u00e9<br \/>\nl\u2019un des visages phares de BFMTV avant de rejoindre LCI, puis C8<br \/>\naux c\u00f4t\u00e9s de <a href=\"https:\/\/www.telestar.fr\/actu_tv\/tout-beau-tout-n9uf-a-j-11-de-sa-rentree-sur-w9-cyril-hanouna-devoile-des-images-de-son-futur-plateau-1735832\" rel=\"nofollow noopener\" target=\"_blank\"><br \/>\nCyril Hanouna<\/a>. Elle est aussi pass\u00e9e par Europe 1, qu\u2019elle a<br \/>\nquitt\u00e9 cet \u00e9t\u00e9. Son retour dans la maison RMC-BFM \u00e9tait donc<br \/>\nattendu. Pour cette premi\u00e8re, tout n\u2019\u00e9tait pas parfait : d\u00e9cor<br \/>\nkitsch, rythme flottant, s\u00e9quences mal calibr\u00e9es. Mais Pascale est<br \/>\nune habitu\u00e9e des plateaux matinaux. Avec un peu de rodage,<br \/>\n<strong>elle devrait vite trouver ses marques<\/strong> et donner \u00e0<br \/>\nce 5\/7 l\u2019\u00e9nergie dont il a besoin !<\/p>\n","protected":false},"excerpt":{"rendered":"EN BREF Pascale de La Tour du Pin a d\u00e9but\u00e9 sa nouvelle \u00e9mission matinale \u00ab\u00a05\/7 Le Morning\u00a0\u00bb sur&hellip;\n","protected":false},"author":2,"featured_media":346476,"comment_status":"","ping_status":"","sticky":false,"template":"","format":"standard","meta":{"footnotes":""},"categories":[8],"tags":[548,58,59,1011,27,31154,10319],"class_list":{"0":"post-346475","1":"post","2":"type-post","3":"status-publish","4":"format-standard","5":"has-post-thumbnail","7":"category-divertissement","8":"tag-article-simple","9":"tag-divertissement","10":"tag-entertainment","11":"tag-fr","12":"tag-france","13":"tag-pascale-de-la-tour-du-pin","14":"tag-rmc"},"share_on_mastodon":{"url":"https:\/\/pubeurope.com\/@fr\/115098149436787869","error":""},"_links":{"self":[{"href":"https:\/\/www.europesays.com\/fr\/wp-json\/wp\/v2\/posts\/346475","targetHints":{"allow":["GET"]}}],"collection":[{"href":"https:\/\/www.europesays.com\/fr\/wp-json\/wp\/v2\/posts"}],"about":[{"href":"https:\/\/www.europesays.com\/fr\/wp-json\/wp\/v2\/types\/post"}],"author":[{"embeddable":true,"href":"https:\/\/www.europesays.com\/fr\/wp-json\/wp\/v2\/users\/2"}],"replies":[{"embeddable":true,"href":"https:\/\/www.europesays.com\/fr\/wp-json\/wp\/v2\/comments?post=346475"}],"version-history":[{"count":0,"href":"https:\/\/www.europesays.com\/fr\/wp-json\/wp\/v2\/posts\/346475\/revisions"}],"wp:featuredmedia":[{"embeddable":true,"href":"https:\/\/www.europesays.com\/fr\/wp-json\/wp\/v2\/media\/346476"}],"wp:attachment":[{"href":"https:\/\/www.europesays.com\/fr\/wp-json\/wp\/v2\/media?parent=346475"}],"wp:term":[{"taxonomy":"category","embeddable":true,"href":"https:\/\/www.europesays.com\/fr\/wp-json\/wp\/v2\/categories?post=346475"},{"taxonomy":"post_tag","embeddable":true,"href":"https:\/\/www.europesays.com\/fr\/wp-json\/wp\/v2\/tags?post=346475"}],"curies":[{"name":"wp","href":"https:\/\/api.w.org\/{rel}","templated":true}]}}