{"id":346477,"date":"2025-08-27T01:32:13","date_gmt":"2025-08-27T01:32:13","guid":{"rendered":"https:\/\/www.europesays.com\/fr\/346477\/"},"modified":"2025-08-27T01:32:13","modified_gmt":"2025-08-27T01:32:13","slug":"apple-veut-semparer-du-roi-francais-de-lintelligence-artificielle-mistral-ai-et-veut-aussi-perplexity","status":"publish","type":"post","link":"https:\/\/www.europesays.com\/fr\/346477\/","title":{"rendered":"Apple veut s&#8217;emparer du roi fran\u00e7ais de l&rsquo;intelligence artificielle Mistral AI, et veut aussi Perplexity"},"content":{"rendered":"<p><img decoding=\"async\" loading=\"lazy\" alt=\"\" width=\"24\" height=\"24\" src=\"https:\/\/www.europesays.com\/fr\/wp-content\/uploads\/2025\/08\/51736_2.png\" class=\"avatar\"\/> pecore:<\/p>\n<blockquote>\n<p>Comme l\u2019a dit l\u2019article, Apple a l\u2019habitude de d\u00e9velopper ses propres solutions<\/p>\n<\/blockquote>\n<p>Apple a tout de m\u00eame fait au moins 131 rachats d\u2019entreprise, dont pr\u00e8s de la moiti\u00e9 ces 10 derni\u00e8res ann\u00e9es, et d\u00e9j\u00e0 un grosse dizaine dans le domaine de l\u2019IA : <a href=\"https:\/\/en.wikipedia.org\/wiki\/List_of_mergers_and_acquisitions_by_Apple\" class=\"inline-onebox\" rel=\"noopener nofollow ugc\" target=\"_blank\">List of mergers and acquisitions by Apple &#8211; Wikipedia<\/a><\/p>\n<p>Et parmi tout ce qu\u2019elle a achet\u00e9, il y en a eu pour des trucs qui \u00e9taient plut\u00f4t strat\u00e9giques pour Apple (P.A. Semi et Intrinsity pour la conception de ses CPU, SoundJam qui a servi de base \u00e0 iTunes, PrimeSense pour Face ID, Beats pour les casques audio, Siri pour\u2026 Siri, m\u00eame pas pris la peine de changer le nom\u2026, les modems pour smartphone d\u2019Intel, et bien s\u00fbr, NeXT, qui est \u00e0 la base de tous les OS Apple actuels, mais \u00e7a c\u2019est un peu un cas particulier, puisque c\u2019\u00e9tait une entreprise fond\u00e9e par Jobs).<\/p>\n<p>Mais un rachat comme Mistral serait effectivement assez exceptionnel, par sa taille, au bas mot dix fois le plus gros rachat fait par Apple dans toute son histoire (les modems Intel, achet\u00e9s 1 milliard).<\/p>\n","protected":false},"excerpt":{"rendered":"pecore: Comme l\u2019a dit l\u2019article, Apple a l\u2019habitude de d\u00e9velopper ses propres solutions Apple a tout de m\u00eame&hellip;\n","protected":false},"author":2,"featured_media":346478,"comment_status":"","ping_status":"","sticky":false,"template":"","format":"standard","meta":{"footnotes":""},"categories":[7],"tags":[1011,27,43,40,41,39,42,44],"class_list":{"0":"post-346477","1":"post","2":"type-post","3":"status-publish","4":"format-standard","5":"has-post-thumbnail","7":"category-sciences-et-technologies","8":"tag-fr","9":"tag-france","10":"tag-science","11":"tag-science-and-technology","12":"tag-sciences","13":"tag-sciences-et-technologies","14":"tag-technologies","15":"tag-technology"},"share_on_mastodon":{"url":"https:\/\/pubeurope.com\/@fr\/115098153385554409","error":""},"_links":{"self":[{"href":"https:\/\/www.europesays.com\/fr\/wp-json\/wp\/v2\/posts\/346477","targetHints":{"allow":["GET"]}}],"collection":[{"href":"https:\/\/www.europesays.com\/fr\/wp-json\/wp\/v2\/posts"}],"about":[{"href":"https:\/\/www.europesays.com\/fr\/wp-json\/wp\/v2\/types\/post"}],"author":[{"embeddable":true,"href":"https:\/\/www.europesays.com\/fr\/wp-json\/wp\/v2\/users\/2"}],"replies":[{"embeddable":true,"href":"https:\/\/www.europesays.com\/fr\/wp-json\/wp\/v2\/comments?post=346477"}],"version-history":[{"count":0,"href":"https:\/\/www.europesays.com\/fr\/wp-json\/wp\/v2\/posts\/346477\/revisions"}],"wp:featuredmedia":[{"embeddable":true,"href":"https:\/\/www.europesays.com\/fr\/wp-json\/wp\/v2\/media\/346478"}],"wp:attachment":[{"href":"https:\/\/www.europesays.com\/fr\/wp-json\/wp\/v2\/media?parent=346477"}],"wp:term":[{"taxonomy":"category","embeddable":true,"href":"https:\/\/www.europesays.com\/fr\/wp-json\/wp\/v2\/categories?post=346477"},{"taxonomy":"post_tag","embeddable":true,"href":"https:\/\/www.europesays.com\/fr\/wp-json\/wp\/v2\/tags?post=346477"}],"curies":[{"name":"wp","href":"https:\/\/api.w.org\/{rel}","templated":true}]}}