{"id":346481,"date":"2025-08-27T01:34:10","date_gmt":"2025-08-27T01:34:10","guid":{"rendered":"https:\/\/www.europesays.com\/fr\/346481\/"},"modified":"2025-08-27T01:34:10","modified_gmt":"2025-08-27T01:34:10","slug":"qui-est-le-gouverneur-j-b-pritzker-cite-pour-2028-et-traite-de-sagouin-par-donald-trump","status":"publish","type":"post","link":"https:\/\/www.europesays.com\/fr\/346481\/","title":{"rendered":"Qui est le gouverneur J.B. Pritzker, cit\u00e9 pour\u00a02028 et trait\u00e9 de \u00ab\u00a0sagouin\u00a0\u00bb par Donald Trump\u00a0?"},"content":{"rendered":"<p> \u00abMonsieur le Pr\u00e9sident, ne venez pas \u00e0 Chicago. Personne ne veut vous voir ni n\u2019a besoin de votre aide ici\u00a0\u00bb. Ce sont <a href=\"https:\/\/www.20minutes.fr\/monde\/etats-unis\/4169250-20250824-etats-unis-apres-los-angeles-washington-trump-planifierait-deploiement-garde-nationale-chicago\" class=\"c-link c-link--is-underlined\" target=\"_blank\" rel=\"noopener\">ces mots qui ont propuls\u00e9 J.B. Pritzker<\/a>, 60 ans, sur le devant de la sc\u00e8ne politique nationale. Parce qu\u2019il est l\u2019un des rares gouverneurs \u00e0 avoir os\u00e9 d\u00e9fier publiquement Donald Trump sur le terrain constitutionnel.<\/p>\n<p>Lors de cette conf\u00e9rence de presse au cours de laquelle il a s\u00e8chement mis en garde le pr\u00e9sident am\u00e9ricain, il cherchait \u00e0 d\u00e9noncer la menace d\u2019un d\u00e9ploiement de la Garde nationale dans Chicago, une initiative selon lui \u00e0 la fois ill\u00e9gale, inconstitutionnelle et anti-am\u00e9ricaine. Mais qui est ce gouverneur qui s\u2019affirme aujourd\u2019hui comme l\u2019un des symboles de la r\u00e9sistance d\u00e9mocrate face \u00e0 Donald Trump\u00a0? 20 Minutes dresse son portrait.<\/p>\n<\/p>\n<p>H\u00e9ritier devenu gouverneur \u00ab\u00a0sagouin\u00a0\u00bb<\/p>\n<p>Ce lundi-l\u00e0, sur un quai de la Chicago River, J.B. Pritzker ne conteste pas un projet pr\u00e9sidentiel\u00a0: il incarne la r\u00e9sistance d\u2019un \u00c9tat, l\u2019Illinois, face \u00e0 ce qu\u2019il juge \u00eatre une d\u00e9rive autoritaire. \u00ab\u00a0Ce n\u2019est pas une urgence, ce n\u2019est pas une insurrection\u00a0\u00bb, mart\u00e8le-t-il, rappelant que la criminalit\u00e9 \u00e0 Chicago avait chut\u00e9 de moiti\u00e9 depuis\u00a02021. Quelques heures apr\u00e8s la mise en garde de Pritzker, Donald Trump a choisi de riposter depuis le Bureau ovale. Lors d\u2019une conf\u00e9rence de presse, le pr\u00e9sident r\u00e9publicain s\u2019est lanc\u00e9 dans un long discours ponctu\u00e9 de digressions sur la s\u00e9curit\u00e9, la Constitution et ses adversaires politiques. Donald Trump a qualifi\u00e9 J.B. Pritzker de \u00ab\u00a0sagouin\u00a0\u00bb, ajoutant qu\u2019il \u00ab\u00a0devrait faire plus de sport\u00a0\u00bb, une attaque visant sa corpulence.<\/p>\n<p>Pourtant, rien ne pr\u00e9destinait ce gouverneur n\u00e9 \u00e0 Palo Alto (dans la <a href=\"https:\/\/www.20minutes.fr\/dossier\/silicon_valley\" class=\"c-link c-link--is-underlined\" target=\"_blank\" rel=\"noopener\">Silicon Valley<\/a>) \u00e0 devenir le visage de la r\u00e9sistance face \u00e0 <a href=\"https:\/\/www.20minutes.fr\/dossier\/donald_trump\" class=\"c-link c-link--is-underlined\" target=\"_blank\" rel=\"noopener\">Donald Trump<\/a>. H\u00e9ritier de la fortune Hyatt, J.B. Pritzker aurait pu rester dans le monde des affaires. Issu d\u2019une famille juive d\u2019origine ukrainienne, il grandit dans un environnement \u00e0 la fois marqu\u00e9 par le poids de la tradition et par le succ\u00e8s entrepreneurial.<\/p>\n<p>Des finances \u00e0 la politique<\/p>\n<p>\u00c0 la t\u00eate du Pritzker Group aux c\u00f4t\u00e9s de son fr\u00e8re Anthony, il a longtemps \u00e9t\u00e9 per\u00e7u comme un financier plus qu\u2019un futur politique. Mais \u00e0 travers sa fondation, il finance d\u00e9j\u00e0 des programmes d\u2019\u00e9ducation et de lutte contre la pauvret\u00e9 \u00e0 Chicago.<\/p>\n<p>En\u00a02018, il saute le pas\u00a0: il bat le r\u00e9publicain Bruce Rauner et s\u2019installe au gouvernorat de l\u2019Illinois. R\u00e9\u00e9lu en\u00a02022, il revendique depuis avoir \u00ab\u00a0rendu l\u2019\u00c9tat plus fort qu\u2019il ne l\u2019a trouv\u00e9\u00a0\u00bb\u00a0: budgets \u00e9quilibr\u00e9s, remboursement des arri\u00e9r\u00e9s, investissements massifs dans l\u2019\u00e9ducation, r\u00e9forme des retraites et transition \u00e9cologique via le Climate and Equitable Jobs Act.<\/p>\n<p>Un gouverneur en temps de crise<\/p>\n<p>Son premier test arrive avec la pand\u00e9mie. Fid\u00e8le aux recommandations scientifiques, J.B. Pritzker impose des mesures strictes, plus s\u00e9v\u00e8res que dans de nombreux autres \u00c9tats am\u00e9ricains, et revendique d\u2019avoir sauv\u00e9 des vies, m\u00eame lorsque cela lui a valu des critiques de la droite locale.<\/p>\n<p>Plus r\u00e9cemment, il s\u2019est attaqu\u00e9 au dossier explosif des armes \u00e0 feu\u00a0: interdiction des fusils d\u2019assaut, retrait des \u00ab\u00a0ghost guns\u00a0\u00bb et investissements dans la police. Un gouverneur pragmatique mais ferme, qui se construit un profil national.<\/p>\n<p><a href=\"https:\/\/www.20minutes.fr\/monde\/etats-unis\/\" class=\"c-link c-btn c-btn--primary\" target=\"_blank\" rel=\"noopener\">Tous nos articles sur les \u00c9tats-Unis<\/a>L\u2019adversaire r\u00eav\u00e9 du pr\u00e9sident<\/p>\n<p>Selon plusieurs m\u00e9dias am\u00e9ricains, J.B. Pritzker incarne l\u2019ennemi parfait du pr\u00e9sident Trump. Il est d\u00e9mocrate, mais aussi milliardaire et enfin gouverneur d\u2019une grande m\u00e9tropole que le pr\u00e9sident r\u00e9publicain d\u00e9peint comme un \u00ab\u00a0champ de guerre\u00a0\u00bb depuis\u00a02016.<\/p>\n<p>Mais pour le gouverneur de l\u2019Illinois, l\u2019affrontement est une opportunit\u00e9\u00a0: montrer qu\u2019il peut tenir t\u00eate au pr\u00e9sident et d\u00e9fendre les principes constitutionnels. D\u00e9j\u00e0 cit\u00e9 parmi les potentiels candidats d\u00e9mocrates \u00e0 la pr\u00e9sidentielle de\u00a02028, il a franchi un cap. Ce jour-l\u00e0 \u00e0 <a href=\"https:\/\/www.20minutes.fr\/dossier\/chicago\" class=\"c-link c-link--is-underlined\" target=\"_blank\" rel=\"noopener\">Chicago<\/a>, son message ne s\u2019adressait donc pas seulement \u00e0 ses concitoyens. Il visait tout le pays, avec une question en filigrane\u00a0: jusqu\u2019o\u00f9 laisserez-vous ce pr\u00e9sident tester les limites du pouvoir ex\u00e9cutif\u00a0?<\/p>\n","protected":false},"excerpt":{"rendered":"\u00abMonsieur le Pr\u00e9sident, ne venez pas \u00e0 Chicago. Personne ne veut vous voir ni n\u2019a besoin de votre&hellip;\n","protected":false},"author":2,"featured_media":346482,"comment_status":"","ping_status":"","sticky":false,"template":"","format":"standard","meta":{"footnotes":""},"categories":[5],"tags":[47,11,17005,75,73,1011,27,6734,14,74,12,28],"class_list":{"0":"post-346481","1":"post","2":"type-post","3":"status-publish","4":"format-standard","5":"has-post-thumbnail","7":"category-international","8":"tag-actualite","9":"tag-actualites","10":"tag-chicago","11":"tag-donald-trump","12":"tag-etats-unis","13":"tag-fr","14":"tag-france","15":"tag-immigration-clandestine","16":"tag-international","17":"tag-monde","18":"tag-news","19":"tag-world"},"share_on_mastodon":{"url":"https:\/\/pubeurope.com\/@fr\/115098161272665485","error":""},"_links":{"self":[{"href":"https:\/\/www.europesays.com\/fr\/wp-json\/wp\/v2\/posts\/346481","targetHints":{"allow":["GET"]}}],"collection":[{"href":"https:\/\/www.europesays.com\/fr\/wp-json\/wp\/v2\/posts"}],"about":[{"href":"https:\/\/www.europesays.com\/fr\/wp-json\/wp\/v2\/types\/post"}],"author":[{"embeddable":true,"href":"https:\/\/www.europesays.com\/fr\/wp-json\/wp\/v2\/users\/2"}],"replies":[{"embeddable":true,"href":"https:\/\/www.europesays.com\/fr\/wp-json\/wp\/v2\/comments?post=346481"}],"version-history":[{"count":0,"href":"https:\/\/www.europesays.com\/fr\/wp-json\/wp\/v2\/posts\/346481\/revisions"}],"wp:featuredmedia":[{"embeddable":true,"href":"https:\/\/www.europesays.com\/fr\/wp-json\/wp\/v2\/media\/346482"}],"wp:attachment":[{"href":"https:\/\/www.europesays.com\/fr\/wp-json\/wp\/v2\/media?parent=346481"}],"wp:term":[{"taxonomy":"category","embeddable":true,"href":"https:\/\/www.europesays.com\/fr\/wp-json\/wp\/v2\/categories?post=346481"},{"taxonomy":"post_tag","embeddable":true,"href":"https:\/\/www.europesays.com\/fr\/wp-json\/wp\/v2\/tags?post=346481"}],"curies":[{"name":"wp","href":"https:\/\/api.w.org\/{rel}","templated":true}]}}