{"id":346483,"date":"2025-08-27T01:35:11","date_gmt":"2025-08-27T01:35:11","guid":{"rendered":"https:\/\/www.europesays.com\/fr\/346483\/"},"modified":"2025-08-27T01:35:11","modified_gmt":"2025-08-27T01:35:11","slug":"crash-du-morane-29-je-nai-jamais-ete-informe-de-lutilisation-de-letang-pour-ses-operations-deplore-le-maire-de-rosporden","status":"publish","type":"post","link":"https:\/\/www.europesays.com\/fr\/346483\/","title":{"rendered":"Crash du Morane 29\u00a0: \u00ab\u00a0Je n\u2019ai jamais \u00e9t\u00e9 inform\u00e9\u00a0\u00bb de l\u2019utilisation de l\u2019\u00e9tang pour ses op\u00e9rations, d\u00e9plore le maire de Rosporden"},"content":{"rendered":"<p>Michel Loussouarn, le maire de Rosporden, n\u2019a pas cach\u00e9 sa col\u00e8re, \u00e0 l\u2019issue de l\u2019op\u00e9ration d\u2019h\u00e9litreuillage de Morane 29, ce mardi apr\u00e8s-midi. En cause, le fait de n\u2019avoir jamais \u00e9t\u00e9 inform\u00e9 de possibles interventions de l\u2019h\u00e9licopt\u00e8re bombardier d&rsquo;eau sur les \u00e9tangs de sa commune. \u00ab\u00a0Au sens de la loi, le maire est directeur des op\u00e9rations de secours et doit \u00e9laborer un plan communal de sauvegarde\u00a0\u00bb identifiant les risques majeurs (\u2026), rappelle-t-il. \u00ab\u00a0Or, jamais la ville n\u2019a pens\u00e9 \u00e0 int\u00e9grer le risque de crash d\u2019h\u00e9licopt\u00e8re bombardier d&rsquo;eau dans ses \u00e9tangs. Car jamais je n\u2019ai \u00e9t\u00e9 inform\u00e9 au pr\u00e9alable que les \u00e9tangs (\u2026) \u00e9taient devenus un point de collecte\u00a0\u00bb.<\/p>\n<p>\u00ab\u00a0Le Sdis doit informer la commune\u00a0\u00bb<\/p>\n<p>D\u00e9j\u00e0, <a href=\"https:\/\/www.letelegramme.fr\/finistere\/bannalec-29380\/un-incendie-de-6-ha-dans-un-champ-a-bannalec-6854416.php\" target=\"_blank\" rel=\"nofollow noopener\">le 13 juillet, une premi\u00e8re op\u00e9ration d\u2019\u00e9copage avait \u00e9t\u00e9 effectu\u00e9e sur un \u00e9tang de la commune, pour intervenir sur un incendie \u00e0 Bannalec (29)<\/a>. \u00ab\u00a0Je n\u2019ai jamais \u00e9t\u00e9 inform\u00e9, d\u00e9plore Michel Loussouarn. Et ce dimanche, je n\u2019ai appris la nouvelle qu\u2019apr\u00e8s le crash\u00a0\u00bb. S\u2019il salue \u00ab\u00a0la r\u00e9ussite de l\u2019extraction du Morane\u00a0\u00bb, il appuie\u00a0: \u00ab\u00a0Des enseignements de cet \u00e9pisode devront \u00eatre tir\u00e9s\u00a0\u00bb. Pour lui, \u00ab\u00a0une \u00ab\u00a0doctrine d\u2019emploi\u00a0\u00bb devra \u00eatre \u00e9labor\u00e9e\u00a0\u00bb et, en cas de r\u00e9currence de ces op\u00e9rations, il souhaite que des mesures soient \u00ab\u00a0arr\u00eat\u00e9es pour pr\u00e9venir les risques de pollution et les \u00e9ventuelles nuisances aux riverains\u00a0\u00bb.<\/p>\n<p>Interpell\u00e9 sur cette question, le pr\u00e9sident du conseil d\u00e9partemental, Ma\u00ebl de Calan, a indiqu\u00e9 que \u00ab\u00a0la loi pr\u00e9voit que tous les points d\u2019eau peuvent \u00eatre mis \u00e0 disposition, dans le cadre de la lutte contre les incendies\u00a0\u00bb. Mais il le reconna\u00eet\u00a0: \u00ab\u00a0Dans la pratique, le Sdis doit en informer la commune\u00a0\u00bb. Il \u00e9voque, pour l\u2019avenir, une identification de \u00ab\u00a0tous les points d\u2019eau du d\u00e9partement\u00a0\u00bb.<\/p>\n<p>Plus de trente interventions depuis le d\u00e9but de l\u2019\u00e9t\u00e9<\/p>\n<p>Ma\u00ebl de Calan n\u2019en souligne pas moins la n\u00e9cessit\u00e9 de ce type d\u2019appareil dans la lutte contre les incendies\u00a0: \u00ab\u00a0Indispensable (\u2026), avec des incendies qui vont se reproduire et s\u2019accentuer \u00e0 l\u2019avenir\u00a0\u00bb. N\u00e9cessaire aussi \u00ab\u00a0pour \u00e9viter que les petits feux ne deviennent des grands feux\u00a0\u00bb. Et de pr\u00e9ciser\u00a0: \u00ab\u00a0On en est \u00e0 plus de trente interventions de l\u2019h\u00e9licopt\u00e8re, cette ann\u00e9e, dans le Finist\u00e8re\u00a0\u00bb. \u00ab\u00a0Nous n\u2019avons pas v\u00e9cu une telle saison depuis 2015, indique le colonel C\u00e9dric Rigollet, directeur adjoint du Sdis 29. \u00c0 l\u2019\u00e9poque, nous en avions eu 137. Aujourd\u2019hui, nous en sommes \u00e0 pr\u00e8s de 160\u00a0\u00bb.<\/p>\n","protected":false},"excerpt":{"rendered":"Michel Loussouarn, le maire de Rosporden, n\u2019a pas cach\u00e9 sa col\u00e8re, \u00e0 l\u2019issue de l\u2019op\u00e9ration d\u2019h\u00e9litreuillage de Morane&hellip;\n","protected":false},"author":2,"featured_media":346484,"comment_status":"","ping_status":"","sticky":false,"template":"","format":"standard","meta":{"footnotes":""},"categories":[4],"tags":[11,829,3322,3321,1011,27,12,25,21358],"class_list":{"0":"post-346483","1":"post","2":"type-post","3":"status-publish","4":"format-standard","5":"has-post-thumbnail","7":"category-france","8":"tag-actualites","9":"tag-bretagne","10":"tag-concarneau","11":"tag-finistere","12":"tag-fr","13":"tag-france","14":"tag-news","15":"tag-republique-francaise","16":"tag-rosporden"},"share_on_mastodon":{"url":"https:\/\/pubeurope.com\/@fr\/115098165271103867","error":""},"_links":{"self":[{"href":"https:\/\/www.europesays.com\/fr\/wp-json\/wp\/v2\/posts\/346483","targetHints":{"allow":["GET"]}}],"collection":[{"href":"https:\/\/www.europesays.com\/fr\/wp-json\/wp\/v2\/posts"}],"about":[{"href":"https:\/\/www.europesays.com\/fr\/wp-json\/wp\/v2\/types\/post"}],"author":[{"embeddable":true,"href":"https:\/\/www.europesays.com\/fr\/wp-json\/wp\/v2\/users\/2"}],"replies":[{"embeddable":true,"href":"https:\/\/www.europesays.com\/fr\/wp-json\/wp\/v2\/comments?post=346483"}],"version-history":[{"count":0,"href":"https:\/\/www.europesays.com\/fr\/wp-json\/wp\/v2\/posts\/346483\/revisions"}],"wp:featuredmedia":[{"embeddable":true,"href":"https:\/\/www.europesays.com\/fr\/wp-json\/wp\/v2\/media\/346484"}],"wp:attachment":[{"href":"https:\/\/www.europesays.com\/fr\/wp-json\/wp\/v2\/media?parent=346483"}],"wp:term":[{"taxonomy":"category","embeddable":true,"href":"https:\/\/www.europesays.com\/fr\/wp-json\/wp\/v2\/categories?post=346483"},{"taxonomy":"post_tag","embeddable":true,"href":"https:\/\/www.europesays.com\/fr\/wp-json\/wp\/v2\/tags?post=346483"}],"curies":[{"name":"wp","href":"https:\/\/api.w.org\/{rel}","templated":true}]}}