{"id":346487,"date":"2025-08-27T01:38:44","date_gmt":"2025-08-27T01:38:44","guid":{"rendered":"https:\/\/www.europesays.com\/fr\/346487\/"},"modified":"2025-08-27T01:38:44","modified_gmt":"2025-08-27T01:38:44","slug":"que-raconte-la-nouvelle-intransigeance-de-la-direction-de-lasse","status":"publish","type":"post","link":"https:\/\/www.europesays.com\/fr\/346487\/","title":{"rendered":"que raconte la nouvelle intransigeance de la direction de l\u2019ASSE?"},"content":{"rendered":"<p>Depuis le d\u00e9but de saison, entre options d\u2019achat lev\u00e9es en for\u00e7ant la main, refus de c\u00e9der ses meilleurs joueurs malgr\u00e9 la rel\u00e9gation et inflexibilit\u00e9 face \u00e0 ceux ne prolongeant pas \u00e0 un an de la fin de leur contrat, l\u2019ASSE durcit le ton.<\/p>\n<p>De quoi susciter des interrogations chez certains pour placer leur poulain chez les Verts\u00a0? Peut-\u00eatre, bien que le projet \u2013 comme le mercato en cours le d\u00e9montre \u2013 attire des joueurs au pedigree pouvant esp\u00e9rer mieux que la Ligue 2.<\/p>\n<p>Le bras de fer avec Ekwah<\/p>\n<p>Si la pr\u00e9sence d\u2019<a href=\"https:\/\/www.leprogres.fr\/p\/irvin-cardona\" target=\"_blank\" rel=\"noopener\">Irvin Cardona<\/a> en vert cette saison ne faisait gu\u00e8re de doute, tant la volont\u00e9 de l\u2019attaquant transpirait, celles de Maximer Bernauer et Pierre Ekwah apparaissaient moins \u00e9videntes. Preuve en est, ce dernier, <a href=\"https:\/\/www.leprogres.fr\/sport\/2025\/08\/14\/l-asse-enfonce-le-clou-avec-pierre-ekwah-et-officialise-la-levee-d-option-d-achat\" target=\"_blank\" rel=\"noopener\">toujours <\/a>absent des terrains du centre sportif Robert-Herbin <a href=\"https:\/\/www.leprogres.fr\/sport\/2025\/08\/14\/l-asse-enfonce-le-clou-avec-pierre-ekwah-et-officialise-la-levee-d-option-d-achat\" target=\"_blank\" rel=\"noopener\">deux mois apr\u00e8s l\u2019effectivit\u00e9 de son nouveau contrat<\/a>, s\u2019est engag\u00e9 dans une sorte de combat id\u00e9ologique avec la direction st\u00e9phanoise.<\/p>\n<p>Une direction, certes empathique, mais qui commence \u00e0 \u00eatre passablement irrit\u00e9e face&#8230;<\/p>\n","protected":false},"excerpt":{"rendered":"Depuis le d\u00e9but de saison, entre options d\u2019achat lev\u00e9es en for\u00e7ant la main, refus de c\u00e9der ses meilleurs&hellip;\n","protected":false},"author":2,"featured_media":346488,"comment_status":"","ping_status":"","sticky":false,"template":"","format":"standard","meta":{"footnotes":""},"categories":[9653],"tags":[1111,11,4000,2430,7539,1777,674,107,63,1011,27,4002,3367,23100,12,25,4001,517],"class_list":{"0":"post-346487","1":"post","2":"type-post","3":"status-publish","4":"format-standard","5":"has-post-thumbnail","7":"category-saint-etienne","8":"tag-actu","9":"tag-actualites","10":"tag-asse-as-saint-etienne-football","11":"tag-auvergne-rhone-alpes","12":"tag-edition-loire-sud","13":"tag-eu","14":"tag-europe","15":"tag-fil-info","16":"tag-football","17":"tag-fr","18":"tag-france","19":"tag-haute-loire","20":"tag-loire","21":"tag-mercato-football","22":"tag-news","23":"tag-republique-francaise","24":"tag-saint-etienne","25":"tag-sport"},"share_on_mastodon":{"url":"https:\/\/pubeurope.com\/@fr\/115098176870703506","error":""},"_links":{"self":[{"href":"https:\/\/www.europesays.com\/fr\/wp-json\/wp\/v2\/posts\/346487","targetHints":{"allow":["GET"]}}],"collection":[{"href":"https:\/\/www.europesays.com\/fr\/wp-json\/wp\/v2\/posts"}],"about":[{"href":"https:\/\/www.europesays.com\/fr\/wp-json\/wp\/v2\/types\/post"}],"author":[{"embeddable":true,"href":"https:\/\/www.europesays.com\/fr\/wp-json\/wp\/v2\/users\/2"}],"replies":[{"embeddable":true,"href":"https:\/\/www.europesays.com\/fr\/wp-json\/wp\/v2\/comments?post=346487"}],"version-history":[{"count":0,"href":"https:\/\/www.europesays.com\/fr\/wp-json\/wp\/v2\/posts\/346487\/revisions"}],"wp:featuredmedia":[{"embeddable":true,"href":"https:\/\/www.europesays.com\/fr\/wp-json\/wp\/v2\/media\/346488"}],"wp:attachment":[{"href":"https:\/\/www.europesays.com\/fr\/wp-json\/wp\/v2\/media?parent=346487"}],"wp:term":[{"taxonomy":"category","embeddable":true,"href":"https:\/\/www.europesays.com\/fr\/wp-json\/wp\/v2\/categories?post=346487"},{"taxonomy":"post_tag","embeddable":true,"href":"https:\/\/www.europesays.com\/fr\/wp-json\/wp\/v2\/tags?post=346487"}],"curies":[{"name":"wp","href":"https:\/\/api.w.org\/{rel}","templated":true}]}}