{"id":346491,"date":"2025-08-27T01:43:14","date_gmt":"2025-08-27T01:43:14","guid":{"rendered":"https:\/\/www.europesays.com\/fr\/346491\/"},"modified":"2025-08-27T01:43:14","modified_gmt":"2025-08-27T01:43:14","slug":"cest-plus-detendu-ce-nest-pas-comme-a-lecole-les-plages-pres-de-montpellier-deviennent-des-salles-de-classe-improvisees-pour-de-nombreux-enfants","status":"publish","type":"post","link":"https:\/\/www.europesays.com\/fr\/346491\/","title":{"rendered":"\u201cC\u2019est plus d\u00e9tendu, ce n\u2019est pas comme \u00e0 l\u2019\u00e9cole\u201d\u00a0: les plages pr\u00e8s de Montpellier deviennent des salles de classe improvis\u00e9es pour de nombreux enfants"},"content":{"rendered":"<p>\n                                                                Pendant deux mois de vacances, les enfants n\u2019ont pourtant pas manqu\u00e9 d\u2019enseignements. \u00c0 Palavas-les-Flots, la plage se transforme en v\u00e9ritable salle de classe improvis\u00e9e, o\u00f9 les le\u00e7ons de l\u2019\u00e9t\u00e9 sont aussi importantes que celles du reste de l\u2019ann\u00e9e.\n                            <\/p>\n<p data-end=\"700\" data-start=\"226\">Alors que la cloche de la rentr\u00e9e semble d\u00e9j\u00e0 r\u00e9sonner jusque sur le sable, les enfants profitent des derniers instants de vacances. Bient\u00f4t, cahiers et crayons reprendront le dessus sur les pelles et les seaux. Mais avant de retrouver les bancs de l\u2019\u00e9cole, beaucoup ont suivi, sans toujours s\u2019en rendre compte, une autre forme d\u2019enseignement\u00a0: celui de la plage.<\/p>\n<p data-end=\"1472\" data-start=\"702\"><a href=\"https:\/\/www.midilibre.fr\/2025\/08\/10\/jetais-en-train-de-cramer-avec-la-canicule-dans-lherault-les-touristes-trouvent-refuge-a-la-mer-sur-des-plages-prises-dassaut-12869642.php\" target=\"_blank\" rel=\"nofollow noopener\">Sur le sable fin de Palavas-les-Flots<\/a>, Philippe est venu passer quelques jours avec sa fille Elena, 4 ans. Pour eux, les vacances riment avant tout avec plage. \u00ab\u00a0Forc\u00e9ment, quand on a des enfants, ils veulent y aller tous les jours\u00a0\u00bb, sourit-il. Tandis que la fillette s\u2019appr\u00eate \u00e0\u00a0b\u00e2tir un ch\u00e2teau de sable, son p\u00e8re a un objectif pr\u00e9cis\u00a0: \u00ab\u00a0Pour moi, c\u2019est surtout l\u2019occasion de lui apprendre \u00e0 nager. Je lui ai achet\u00e9 des brassards.\u00a0\u00bb Quelques minutes plus tard, la fillette se jette \u00e0 l\u2019eau, accompagn\u00e9e de son papa. \u00ab\u00a0Je trouve qu\u2019\u00e0 la mer, c\u2019est plus facile. Les vagues poussent un peu et aident \u00e0 se maintenir\u00a0\u00bb, ajoute-t-il.<\/p>\n<p data-end=\"1842\" data-start=\"1474\">Pour d\u2019autres, la plage offre\u00a0des exp\u00e9riences sociales. Karim, accompagn\u00e9 de sa femme et de ses trois enfants, en est convaincu\u00a0: \u201cC\u2019est surtout la petite derni\u00e8re qui a gagn\u00e9 en assurance, notamment en allant vers les autres. Elle est assez timide, mais ici l\u2019ambiance est plus d\u00e9tendue, ce n\u2019est pas comme \u00e0 l\u2019\u00e9cole. Regardez, elle est l\u00e0-bas, en train de jouer avec la petite fille d\u2019\u00e0 c\u00f4t\u00e9.\u201d<\/p>\n<p>Apprendre \u00e0 se prot\u00e9ger<\/p>\n<p data-end=\"2426\" data-start=\"1875\">Au-del\u00e0 du jeu et des d\u00e9couvertes, <a href=\"https:\/\/www.midilibre.fr\/2025\/08\/15\/parking-plage-restaurant-combien-coute-reellement-une-journee-a-palavas-les-flots-12870942.php\" target=\"_blank\" rel=\"nofollow noopener\">la plage est aussi un lieu o\u00f9 l\u2019on apprend \u00e0 se prot\u00e9ger.<\/a> Claire, maman d\u2019un gar\u00e7on de 8 ans, insiste sur ce r\u00f4le essentiel\u00a0: \u00ab\u00a0J\u2019essaie de lui faire comprendre que la mer peut aussi \u00eatre dangereuse. Je lui r\u00e9p\u00e8te de ne pas aller trop loin dans l\u2019eau sans adulte, de rep\u00e9rer o\u00f9 se trouvent les sauveteurs et, bien s\u00fbr, de mettre de la cr\u00e8me solaire. Au d\u00e9but, c\u2019est toujours compliqu\u00e9, mais \u00e0 la fin des vacances, il devient plus coop\u00e9ratif. Esp\u00e9rons que \u00e7a dure\u00a0\u00bb, plaisante-t-elle.<\/p>\n<p data-end=\"3610\" data-start=\"3215\">Mais l\u2019apprentissage prend parfois des formes inattendues. La petite Elena, soudain, confie \u00e0 son p\u00e8re une envie pressante. Philippe lui r\u00e9pond en riant\u00a0: \u00ab\u00a0Bon, viens avec moi, je vais t\u2019apprendre autre chose\u00a0\u00bb, lance-t-il en se dirigeant vers la mer.<\/p>\n","protected":false},"excerpt":{"rendered":"Pendant deux mois de vacances, les enfants n\u2019ont pourtant pas manqu\u00e9 d\u2019enseignements. \u00c0 Palavas-les-Flots, la plage se transforme&hellip;\n","protected":false},"author":2,"featured_media":346492,"comment_status":"","ping_status":"","sticky":false,"template":"","format":"standard","meta":{"footnotes":""},"categories":[9599],"tags":[1111,11,1777,674,1011,27,2208,12,2680,25],"class_list":{"0":"post-346491","1":"post","2":"type-post","3":"status-publish","4":"format-standard","5":"has-post-thumbnail","7":"category-montpellier","8":"tag-actu","9":"tag-actualites","10":"tag-eu","11":"tag-europe","12":"tag-fr","13":"tag-france","14":"tag-montpellier","15":"tag-news","16":"tag-occitanie","17":"tag-republique-francaise"},"share_on_mastodon":{"url":"https:\/\/pubeurope.com\/@fr\/115098196637367232","error":""},"_links":{"self":[{"href":"https:\/\/www.europesays.com\/fr\/wp-json\/wp\/v2\/posts\/346491","targetHints":{"allow":["GET"]}}],"collection":[{"href":"https:\/\/www.europesays.com\/fr\/wp-json\/wp\/v2\/posts"}],"about":[{"href":"https:\/\/www.europesays.com\/fr\/wp-json\/wp\/v2\/types\/post"}],"author":[{"embeddable":true,"href":"https:\/\/www.europesays.com\/fr\/wp-json\/wp\/v2\/users\/2"}],"replies":[{"embeddable":true,"href":"https:\/\/www.europesays.com\/fr\/wp-json\/wp\/v2\/comments?post=346491"}],"version-history":[{"count":0,"href":"https:\/\/www.europesays.com\/fr\/wp-json\/wp\/v2\/posts\/346491\/revisions"}],"wp:featuredmedia":[{"embeddable":true,"href":"https:\/\/www.europesays.com\/fr\/wp-json\/wp\/v2\/media\/346492"}],"wp:attachment":[{"href":"https:\/\/www.europesays.com\/fr\/wp-json\/wp\/v2\/media?parent=346491"}],"wp:term":[{"taxonomy":"category","embeddable":true,"href":"https:\/\/www.europesays.com\/fr\/wp-json\/wp\/v2\/categories?post=346491"},{"taxonomy":"post_tag","embeddable":true,"href":"https:\/\/www.europesays.com\/fr\/wp-json\/wp\/v2\/tags?post=346491"}],"curies":[{"name":"wp","href":"https:\/\/api.w.org\/{rel}","templated":true}]}}