{"id":346493,"date":"2025-08-27T01:44:11","date_gmt":"2025-08-27T01:44:11","guid":{"rendered":"https:\/\/www.europesays.com\/fr\/346493\/"},"modified":"2025-08-27T01:44:11","modified_gmt":"2025-08-27T01:44:11","slug":"luce-lebart-au-pavillon-populaire-de-montpellier","status":"publish","type":"post","link":"https:\/\/www.europesays.com\/fr\/346493\/","title":{"rendered":"Luce Lebart au Pavillon populaire de Montpellier"},"content":{"rendered":"<p>L\u2019historienne et sp\u00e9cialiste de la photographie Luce Lebart succ\u00e8de \u00e0 Gilles Mora \u00e0 la direction artistique du Pavillon populaire de Montpellier \u00e0 compter du 2\u00a0janvier prochain. Elle s\u2019inscrira dans la continuit\u00e9 de son pr\u00e9d\u00e9cesseur, qui a fait de cet espace d\u00e9di\u00e9 \u00e0 la photographie un lieu \u00e0 part gr\u00e2ce \u00e0 des expositions originales et in\u00e9dites, de Brassa\u00ef \u00e0 Peter\u2026<\/p>\n","protected":false},"excerpt":{"rendered":"L\u2019historienne et sp\u00e9cialiste de la photographie Luce Lebart succ\u00e8de \u00e0 Gilles Mora \u00e0 la direction artistique du Pavillon&hellip;\n","protected":false},"author":2,"featured_media":346494,"comment_status":"","ping_status":"","sticky":false,"template":"","format":"standard","meta":{"footnotes":""},"categories":[9599],"tags":[1111,11,1777,674,1011,27,2208,12,9350,2680,48257,25],"class_list":{"0":"post-346493","1":"post","2":"type-post","3":"status-publish","4":"format-standard","5":"has-post-thumbnail","7":"category-montpellier","8":"tag-actu","9":"tag-actualites","10":"tag-eu","11":"tag-europe","12":"tag-fr","13":"tag-france","14":"tag-montpellier","15":"tag-news","16":"tag-nominations","17":"tag-occitanie","18":"tag-pavillon-populaire","19":"tag-republique-francaise"},"share_on_mastodon":{"url":"https:\/\/pubeurope.com\/@fr\/115098200460146208","error":""},"_links":{"self":[{"href":"https:\/\/www.europesays.com\/fr\/wp-json\/wp\/v2\/posts\/346493","targetHints":{"allow":["GET"]}}],"collection":[{"href":"https:\/\/www.europesays.com\/fr\/wp-json\/wp\/v2\/posts"}],"about":[{"href":"https:\/\/www.europesays.com\/fr\/wp-json\/wp\/v2\/types\/post"}],"author":[{"embeddable":true,"href":"https:\/\/www.europesays.com\/fr\/wp-json\/wp\/v2\/users\/2"}],"replies":[{"embeddable":true,"href":"https:\/\/www.europesays.com\/fr\/wp-json\/wp\/v2\/comments?post=346493"}],"version-history":[{"count":0,"href":"https:\/\/www.europesays.com\/fr\/wp-json\/wp\/v2\/posts\/346493\/revisions"}],"wp:featuredmedia":[{"embeddable":true,"href":"https:\/\/www.europesays.com\/fr\/wp-json\/wp\/v2\/media\/346494"}],"wp:attachment":[{"href":"https:\/\/www.europesays.com\/fr\/wp-json\/wp\/v2\/media?parent=346493"}],"wp:term":[{"taxonomy":"category","embeddable":true,"href":"https:\/\/www.europesays.com\/fr\/wp-json\/wp\/v2\/categories?post=346493"},{"taxonomy":"post_tag","embeddable":true,"href":"https:\/\/www.europesays.com\/fr\/wp-json\/wp\/v2\/tags?post=346493"}],"curies":[{"name":"wp","href":"https:\/\/api.w.org\/{rel}","templated":true}]}}