{"id":346495,"date":"2025-08-27T01:47:26","date_gmt":"2025-08-27T01:47:26","guid":{"rendered":"https:\/\/www.europesays.com\/fr\/346495\/"},"modified":"2025-08-27T01:47:26","modified_gmt":"2025-08-27T01:47:26","slug":"grenoble-jeudi-28-aout-cest-la-grande-fete-du-velo","status":"publish","type":"post","link":"https:\/\/www.europesays.com\/fr\/346495\/","title":{"rendered":"Grenoble. Jeudi 28\u00a0ao\u00fbt, c\u2019est la grande f\u00eate du v\u00e9lo"},"content":{"rendered":"<p>L\u2019\u00c9cole du v\u00e9lo de Grenoble organise sa grande f\u00eate \u00e0 l\u2019anneau de vitesse au parc Paul-Mistral, en pr\u00e9sence des parrain et marraine Aur\u00e9lien Fontenoy, champion de VTT trial et Nathalie Baillon, cycliste longue distance. Show VTT trial avec Aur\u00e9lien Fontenoy, pr\u00e9sentation du v\u00e9lo voyage avec Nathalie Baillon, atelier diagnostic &#8211; r\u00e9paration, anim\u00e9 par les m\u00e9caniciens de l\u2019\u00e9cole du v\u00e9lo. Amenez votre v\u00e9lo\u00a0! Un atelier de pratique du v\u00e9lo avec des modules pour les enfants \u00e0 partir de 3 ans sera \u00e9galement propos\u00e9.<\/p>\n<p class=\"note\">Jeudi 28\u00a0ao\u00fbt \u00e0 partir de 17\u00a0heures \u00e0 l\u2019anneau de vitesse de Grenoble. Gratuit.<\/p>\n","protected":false},"excerpt":{"rendered":"L\u2019\u00c9cole du v\u00e9lo de Grenoble organise sa grande f\u00eate \u00e0 l\u2019anneau de vitesse au parc Paul-Mistral, en pr\u00e9sence&hellip;\n","protected":false},"author":2,"featured_media":346496,"comment_status":"","ping_status":"","sticky":false,"template":"","format":"standard","meta":{"footnotes":""},"categories":[9566],"tags":[1111,11,2430,7782,1687,112,1777,674,1795,1011,27,2731,2732,108,12,25],"class_list":{"0":"post-346495","1":"post","2":"type-post","3":"status-publish","4":"format-standard","5":"has-post-thumbnail","7":"category-grenoble","8":"tag-actu","9":"tag-actualites","10":"tag-auvergne-rhone-alpes","11":"tag-balades-et-randonnees","12":"tag-culture-loisirs","13":"tag-edition-grenoble-agglomeration","14":"tag-eu","15":"tag-europe","16":"tag-fil-web","17":"tag-fr","18":"tag-france","19":"tag-grenoble","20":"tag-grenoble-bassin","21":"tag-isere","22":"tag-news","23":"tag-republique-francaise"},"share_on_mastodon":{"url":"https:\/\/pubeurope.com\/@fr\/115098212329175328","error":""},"_links":{"self":[{"href":"https:\/\/www.europesays.com\/fr\/wp-json\/wp\/v2\/posts\/346495","targetHints":{"allow":["GET"]}}],"collection":[{"href":"https:\/\/www.europesays.com\/fr\/wp-json\/wp\/v2\/posts"}],"about":[{"href":"https:\/\/www.europesays.com\/fr\/wp-json\/wp\/v2\/types\/post"}],"author":[{"embeddable":true,"href":"https:\/\/www.europesays.com\/fr\/wp-json\/wp\/v2\/users\/2"}],"replies":[{"embeddable":true,"href":"https:\/\/www.europesays.com\/fr\/wp-json\/wp\/v2\/comments?post=346495"}],"version-history":[{"count":0,"href":"https:\/\/www.europesays.com\/fr\/wp-json\/wp\/v2\/posts\/346495\/revisions"}],"wp:featuredmedia":[{"embeddable":true,"href":"https:\/\/www.europesays.com\/fr\/wp-json\/wp\/v2\/media\/346496"}],"wp:attachment":[{"href":"https:\/\/www.europesays.com\/fr\/wp-json\/wp\/v2\/media?parent=346495"}],"wp:term":[{"taxonomy":"category","embeddable":true,"href":"https:\/\/www.europesays.com\/fr\/wp-json\/wp\/v2\/categories?post=346495"},{"taxonomy":"post_tag","embeddable":true,"href":"https:\/\/www.europesays.com\/fr\/wp-json\/wp\/v2\/tags?post=346495"}],"curies":[{"name":"wp","href":"https:\/\/api.w.org\/{rel}","templated":true}]}}