{"id":346498,"date":"2025-08-27T01:50:14","date_gmt":"2025-08-27T01:50:14","guid":{"rendered":"https:\/\/www.europesays.com\/fr\/346498\/"},"modified":"2025-08-27T01:50:14","modified_gmt":"2025-08-27T01:50:14","slug":"sinayoko-force-son-depart-rennes-entre-dans-la-danse","status":"publish","type":"post","link":"https:\/\/www.europesays.com\/fr\/346498\/","title":{"rendered":"Sinayoko force son d\u00e9part, Rennes entre dans la danse"},"content":{"rendered":"<p>Lassine Sinayoko, attaquant de 25 ans de l\u2019AJ Auxerre, n\u2019a pas pris part \u00e0 l\u2019entra\u00eenement ce matin dans ce qui semble \u00eatre une tentative claire de forcer son transfert vers le RC Lens. Sous contrat pour encore une seule saison, le joueur semble d\u00e9cid\u00e9 \u00e0 franchir une nouvelle \u00e9tape.<\/p>\n<p>Un bras de fer aux allures de divorce<\/p>\n<p>Selon les informations de RMC Sport, le joueur a d\u00e9j\u00e0 trouv\u00e9 un accord avec <strong>le RC Lens<\/strong> pour un contrat de quatre ans. L\u2019id\u00e9e d\u2019incarner le nouveau <strong>num\u00e9ro neuf des Sang et Or<\/strong> aurait s\u00e9duit Sinayoko, au point de mettre \u00e0 mal sa relation avec Auxerre. En ne se pr\u00e9sentant pas \u00e0 l\u2019entra\u00eenement, il envoie un signal fort et tranche net avec une image jusque-l\u00e0 plus discr\u00e8te.<\/p>\n<p>Auxerre et Lens auraient m\u00eame <strong>scell\u00e9 un transfert autour de 8 millions d\u2019euros<\/strong>, bonus inclus. Un montant coh\u00e9rent pour un joueur arriv\u00e9 \u00e0 maturit\u00e9, encore sous contrat mais d\u00e9sireux de gravir un \u00e9chelon. Toutefois, le timing reste flou. Le joueur \u00e9tait cens\u00e9 passer sa visite m\u00e9dicale dimanche mais n\u2019aurait jamais obtenu l\u2019autorisation officielle pour s\u2019absenter.<\/p>\n<p><img fetchpriority=\"high\" decoding=\"async\" class=\"alignnone size-large wp-image-22748\" src=\"data:image\/svg+xml,%3Csvg%20xmlns=\" http:=\"\" alt=\"Lassine Sinayoko semble d\u00e9cid\u00e9 \u00e0 franchir une nouvelle \u00e9tape.\" width=\"1024\" height=\"683\" data-lazy- data-lazy- data-lazy-src=\"https:\/\/www.europesays.com\/fr\/wp-content\/uploads\/2025\/08\/Lassine-Sinayoko-3-1024x683.webp.webp\"\/><\/p>\n<p>L\u2019entre-deux des incertitudes et les convoitises de Rennes<\/p>\n<p>Christophe P\u00e9lissier, l\u2019entra\u00eeneur auxerrois, avait pourtant affich\u00e9 en conf\u00e9rence de presse sa volont\u00e9 de conserver <strong>un \u00e9l\u00e9ment cl\u00e9 du pressing et de la profondeur offensive<\/strong>. Mais ce genre de feuilleton est cruel pour un staff qui veut construire dans la continuit\u00e9. En interne, cette situation cr\u00e9e un climat instable, en pleine pr\u00e9paration de la saison.<\/p>\n<p>Dans le flou ambiant, un acteur inattendu pourrait bouleverser ce feuilleton : le <a href=\"https:\/\/www.footix.fr\/mercato-stade-rennais-conrad-harder-cible-pour-succeder-a-kalimuendo\/\" data-wpel-link=\"internal\" rel=\"nofollow noopener\" target=\"_blank\">Stade Rennais<\/a>. Selon les derni\u00e8res indiscr\u00e9tions, le club breton envisage de s\u2019immiscer dans le dossier pour <strong>coiffer Lens au poteau<\/strong>. Le profil de Sinayoko pla\u00eet par sa polyvalence et sa capacit\u00e9 \u00e0 attaquer l\u2019espace, un atout pr\u00e9cieux dans les syst\u00e8mes de transition rapide.<\/p>\n<p>Un tel transfert, au-del\u00e0 de l\u2019aspect financier, interroge sur la fa\u00e7on dont certains clubs g\u00e8rent leurs ambitions sportives. Mon regard se porte sur l\u2019aspect tactique : Sinayoko, utilis\u00e9 \u00e0 bon escient, peut \u00eatre destructeur en attaque rapide. \u00c0 Lens, son jeu sans ballon s\u2019ins\u00e9rerait naturellement dans le pressing haut de Haise. Toutefois, ce n\u2019est que s\u2019il reste concentr\u00e9 sur le football qu\u2019il aura un impact.<\/p>\n<p>  Derniers actualit\u00e9s chaudes<\/p>\n<p><img loading=\"lazy\" decoding=\"async\" src=\"data:image\/svg+xml,%3Csvg%20xmlns=\" http:=\"\" width=\"150\" height=\"150\" data-lazy- alt=\"Antoine Burdin\" data-lazy-src=\"https:\/\/www.europesays.com\/fr\/wp-content\/uploads\/2025\/05\/antoine-burdin-150x150.png\"\/><\/p>\n<p>                        R\u00e9dig\u00e9 par <a href=\"https:\/\/www.footix.fr\/author\/antoineburdin\/\" data-wpel-link=\"internal\" rel=\"nofollow noopener\" target=\"_blank\">Antoine Burdin<\/a> le 26\/08\/202526\/08\/2025<\/p>\n<p>&#13;<br \/>\n                &#13;<br \/>\n                   Antoine Burdin, r\u00e9dacteur passionn\u00e9 du blog footix.fr, est un auteur chevronn\u00e9 et fervent fan de football. Avec une expertise in\u00e9gal\u00e9e dans le monde du football, il a accumul\u00e9 une exp\u00e9rience pr\u00e9cieuse en couvrant les matchs, les \u00e9quipes et les joueurs. Sa plume captivante et son amour ind\u00e9fectible pour le sport en font un chroniqueur incontournable pour tous les passionn\u00e9s du ballon rond.                &#13;\n            <\/p>\n<p>            <a target=\"_blank\" rel=\"nofollow external noopener noreferrer\" href=\"https:\/\/www.linkedin.com\/in\/antoine-burdin\/\" data-wpel-link=\"external\">      <\/a><\/p>\n","protected":false},"excerpt":{"rendered":"Lassine Sinayoko, attaquant de 25 ans de l\u2019AJ Auxerre, n\u2019a pas pris part \u00e0 l\u2019entra\u00eenement ce matin dans&hellip;\n","protected":false},"author":2,"featured_media":346499,"comment_status":"","ping_status":"","sticky":false,"template":"","format":"standard","meta":{"footnotes":""},"categories":[2821],"tags":[1111,11,829,1777,674,1011,27,12,584,25],"class_list":{"0":"post-346498","1":"post","2":"type-post","3":"status-publish","4":"format-standard","5":"has-post-thumbnail","7":"category-rennes","8":"tag-actu","9":"tag-actualites","10":"tag-bretagne","11":"tag-eu","12":"tag-europe","13":"tag-fr","14":"tag-france","15":"tag-news","16":"tag-rennes","17":"tag-republique-francaise"},"share_on_mastodon":{"url":"https:\/\/pubeurope.com\/@fr\/115098224290133451","error":""},"_links":{"self":[{"href":"https:\/\/www.europesays.com\/fr\/wp-json\/wp\/v2\/posts\/346498","targetHints":{"allow":["GET"]}}],"collection":[{"href":"https:\/\/www.europesays.com\/fr\/wp-json\/wp\/v2\/posts"}],"about":[{"href":"https:\/\/www.europesays.com\/fr\/wp-json\/wp\/v2\/types\/post"}],"author":[{"embeddable":true,"href":"https:\/\/www.europesays.com\/fr\/wp-json\/wp\/v2\/users\/2"}],"replies":[{"embeddable":true,"href":"https:\/\/www.europesays.com\/fr\/wp-json\/wp\/v2\/comments?post=346498"}],"version-history":[{"count":0,"href":"https:\/\/www.europesays.com\/fr\/wp-json\/wp\/v2\/posts\/346498\/revisions"}],"wp:featuredmedia":[{"embeddable":true,"href":"https:\/\/www.europesays.com\/fr\/wp-json\/wp\/v2\/media\/346499"}],"wp:attachment":[{"href":"https:\/\/www.europesays.com\/fr\/wp-json\/wp\/v2\/media?parent=346498"}],"wp:term":[{"taxonomy":"category","embeddable":true,"href":"https:\/\/www.europesays.com\/fr\/wp-json\/wp\/v2\/categories?post=346498"},{"taxonomy":"post_tag","embeddable":true,"href":"https:\/\/www.europesays.com\/fr\/wp-json\/wp\/v2\/tags?post=346498"}],"curies":[{"name":"wp","href":"https:\/\/api.w.org\/{rel}","templated":true}]}}