{"id":346500,"date":"2025-08-27T01:51:35","date_gmt":"2025-08-27T01:51:35","guid":{"rendered":"https:\/\/www.europesays.com\/fr\/346500\/"},"modified":"2025-08-27T01:51:35","modified_gmt":"2025-08-27T01:51:35","slug":"mundolsheim-recital-de-piano-feu-dartifice-le-festiforum-revient-samedi-30-aout","status":"publish","type":"post","link":"https:\/\/www.europesays.com\/fr\/346500\/","title":{"rendered":"Mundolsheim. R\u00e9cital de piano, feu d\u2019artifice\u2026 Le Festi\u2019forum revient samedi 30\u00a0ao\u00fbt"},"content":{"rendered":"<p>Comme tous les ans, la commune de Mundolsheim invite les habitants \u00e0 rencontrer les associations et les entreprises, dans le cadre du <a href=\"https:\/\/www.dna.fr\/economie\/2024\/08\/28\/une-quarantaine-d-associations-et-d-entreprises-seront-presentes-pour-le-forum-annuel\" target=\"_blank\" rel=\"noopener\">Festi\u2019forum, qui se d\u00e9roulera au parc de la Mairie<\/a>. Cet \u00e9v\u00e8nement permet de d\u00e9couvrir la richesse du tissu associatif et entrepreneurial de la commune, et d\u2019aller \u00e0 sa rencontre, en profitant des animations et d\u00e9monstrations sur les stands. Ce forum permettra \u00e9galement de constater la vari\u00e9t\u00e9 des services propos\u00e9s aux particuliers et aux professionnels, par de nombreuses petites et moyennes entreprises artisanales.<\/p>\n<p>Ce contenu est bloqu\u00e9 car vous n&rsquo;avez pas accept\u00e9 les cookies et autres traceurs.<\/p>\n<p>En cliquant sur \u00ab J\u2019accepte \u00bb, les cookies et autres traceurs seront d\u00e9pos\u00e9s et vous pourrez visualiser les contenus  (<a href=\"\" class=\"consentModule_policy\" target=\"_blank\" title=\"Consulter la politique de protection des donn\u00e9es du fournisseur\">plus d&rsquo;informations<\/a>).<\/p>\n<p>En cliquant sur \u00ab J\u2019accepte tous les cookies \u00bb, vous autorisez des d\u00e9p\u00f4ts de cookies et autres traceurs pour le stockage de vos donn\u00e9es sur nos sites et applications \u00e0 des fins de personnalisation et de ciblage publicitaire.<\/p>\n<p class=\"consentModule_secondaryText\">Vous gardez la possibilit\u00e9 de retirer votre consentement \u00e0 tout moment en consultant notre <a href=\"https:\/\/www.dna.fr\/protection-des-donnees\" target=\"_blank\" title=\"Consulter notre politique de protection des donn\u00e9es\" rel=\"noopener\">politique de protection des donn\u00e9es<\/a>. <br \/>&#13;<br \/>\n            <a href=\"https:\/\/www.dna.fr\/culture-loisirs\/2025\/08\/25\/javascript:Didomi.notice.show()\" class=\"consentModule_cmp\" target=\"_blank\" rel=\"noopener\">G\u00e9rer mes choix<\/a>&#13;\n        <\/p>\n<p>&#13;<br \/>\n                        J&rsquo;accepte&#13;<br \/>\n            J&rsquo;accepte tous les cookies&#13;\n        <\/p>\n<p>Si la diversit\u00e9 de l\u2019offre propos\u00e9e, dans des domaines aussi vari\u00e9s que le sport, les loisirs, la culture, la vie sociale, est appr\u00e9ci\u00e9e par tous, il convient de rappeler, que sans l\u2019engagement fort de b\u00e9n\u00e9voles, rien ne serait possible. Pour les associations, ces rencontres sont \u00e9galement une bonne occasion de sensibiliser les visiteurs aux possibilit\u00e9s de s\u2019engager dans une action de solidarit\u00e9, non r\u00e9mun\u00e9r\u00e9e, en donnant du temps aux autres.<\/p>\n<p>  Musique br\u00e9silienne et feu d\u2019artifice<\/p>\n<p>\u00c0 18\u00a0h, Karin Fernandez, pianiste de renomm\u00e9e internationale proposera, \u00e0 <a href=\"https:\/\/www.dna.fr\/pour-sortir\/loisirs\/Salon-foire-concours-agricole\/Autres-salons-foires-concours\/Alsace\/Bas-rhin\/Mundolsheim\/2025\/08\/30\/Festi-forum-des-associations-et-des-entreprises-et-feu-d-artifice\" target=\"_blank\" rel=\"noopener\"> la Villa Ravel<\/a> , un r\u00e9cital exceptionnel enti\u00e8rement consacr\u00e9 \u00e0 la musique br\u00e9silienne contemporaine. En soir\u00e9e, l\u2019ambiance festive se poursuivra autour de tartes flamb\u00e9es, pour se terminer par un feu d\u2019artifice \u00e0 la tomb\u00e9e de la nuit.<\/p>\n<p class=\"note\">Le Festi\u2019forum est ouvert \u00e0 tous \u00e0 partir de 14\u00a0h\u00a030 parc de la Mairie, Mundolsheim. Buvette et restauration (glaces, gaufres, tartes flamb\u00e9es) sur place. R\u00e9cital de piano de Karin Fernandez, 18\u00a0h, \u00e0 la Villa Ravel. R\u00e9servation par mail avant le 28\u00a0ao\u00fbt\u00a0: reservation@mundolsheim.fr. Billetterie sur place \u00e0 partir de 17\u00a0h. Tarif plein\u00a0: 12\u00a0\u20ac, tarif r\u00e9duit\u00a0: 6\u00a0\u20ac.<\/p>\n","protected":false},"excerpt":{"rendered":"Comme tous les ans, la commune de Mundolsheim invite les habitants \u00e0 rencontrer les associations et les entreprises,&hellip;\n","protected":false},"author":2,"featured_media":346501,"comment_status":"","ping_status":"","sticky":false,"template":"","format":"standard","meta":{"footnotes":""},"categories":[2820],"tags":[1111,11,5738,11679,1687,33,2880,1777,674,107,1011,27,775,3264,12,4043,25,104,953,640,3265,3365,1631,216],"class_list":{"0":"post-346500","1":"post","2":"type-post","3":"status-publish","4":"format-standard","5":"has-post-thumbnail","7":"category-strasbourg","8":"tag-actu","9":"tag-actualites","10":"tag-bourses","11":"tag-brocantes","12":"tag-culture-loisirs","13":"tag-economie","14":"tag-edition-strasbourg","15":"tag-eu","16":"tag-europe","17":"tag-fil-info","18":"tag-fr","19":"tag-france","20":"tag-grand-est","21":"tag-mundolsheim","22":"tag-news","23":"tag-repas-et-the-dansant","24":"tag-republique-francaise","25":"tag-societe","26":"tag-soiree","27":"tag-strasbourg","28":"tag-strasbourg-nord","29":"tag-vide-greniers","30":"tag-vie-associative","31":"tag-vie-des-entreprises"},"share_on_mastodon":{"url":"https:\/\/pubeurope.com\/@fr\/115098228052918623","error":""},"_links":{"self":[{"href":"https:\/\/www.europesays.com\/fr\/wp-json\/wp\/v2\/posts\/346500","targetHints":{"allow":["GET"]}}],"collection":[{"href":"https:\/\/www.europesays.com\/fr\/wp-json\/wp\/v2\/posts"}],"about":[{"href":"https:\/\/www.europesays.com\/fr\/wp-json\/wp\/v2\/types\/post"}],"author":[{"embeddable":true,"href":"https:\/\/www.europesays.com\/fr\/wp-json\/wp\/v2\/users\/2"}],"replies":[{"embeddable":true,"href":"https:\/\/www.europesays.com\/fr\/wp-json\/wp\/v2\/comments?post=346500"}],"version-history":[{"count":0,"href":"https:\/\/www.europesays.com\/fr\/wp-json\/wp\/v2\/posts\/346500\/revisions"}],"wp:featuredmedia":[{"embeddable":true,"href":"https:\/\/www.europesays.com\/fr\/wp-json\/wp\/v2\/media\/346501"}],"wp:attachment":[{"href":"https:\/\/www.europesays.com\/fr\/wp-json\/wp\/v2\/media?parent=346500"}],"wp:term":[{"taxonomy":"category","embeddable":true,"href":"https:\/\/www.europesays.com\/fr\/wp-json\/wp\/v2\/categories?post=346500"},{"taxonomy":"post_tag","embeddable":true,"href":"https:\/\/www.europesays.com\/fr\/wp-json\/wp\/v2\/tags?post=346500"}],"curies":[{"name":"wp","href":"https:\/\/api.w.org\/{rel}","templated":true}]}}