{"id":346504,"date":"2025-08-27T01:53:13","date_gmt":"2025-08-27T01:53:13","guid":{"rendered":"https:\/\/www.europesays.com\/fr\/346504\/"},"modified":"2025-08-27T01:53:13","modified_gmt":"2025-08-27T01:53:13","slug":"400-m%c2%b2-partent-en-fumee","status":"publish","type":"post","link":"https:\/\/www.europesays.com\/fr\/346504\/","title":{"rendered":"400 m\u00b2 partent en fum\u00e9e"},"content":{"rendered":"<p>            Par<br \/>\n        <strong><br \/>\n            <a href=\"https:\/\/actu.fr\/auteur\/manon-reinhardt\" title=\"Consulter tous les articles de Manon Reinhardt\" rel=\"nofollow noopener\" target=\"_blank\">Manon Reinhardt<\/a><br \/>\n        <\/strong><\/p>\n<p>        Publi\u00e9 le<\/p>\n<p>            26 ao\u00fbt 2025 \u00e0 10h40        <\/p>\n<p>La fum\u00e9e \u00e9tait visible de tr\u00e8s loin. Ce mardi 26\u00a0ao\u00fbt 2025, un impressionnant incendie s\u2019est d\u00e9clar\u00e9 dans<strong> une maison d\u2019habitation<\/strong> et dans un local de stockage \u00e0 Antibes, pr\u00e8s de <a href=\"https:\/\/actu.fr\/provence-alpes-cote-d-azur\/nice_06088\" rel=\"nofollow noopener\" target=\"_blank\">Nice<\/a> (<a href=\"https:\/\/actu.fr\/provence-alpes-cote-d-azur\/alpes-maritimes_06\" rel=\"nofollow noopener\" target=\"_blank\">Alpes-Maritimes<\/a>), apprend-on des sapeurs-pompiers.<\/p>\n<p class=\" wall-content\">Au total, 400 m\u00b2 ont \u00e9t\u00e9 br\u00fbl\u00e9s. Aucun bless\u00e9 n\u2019est \u00e0 d\u00e9plorer. Le feu a \u00e9t\u00e9 rapidement circonscrit mais n\u2019est pas pass\u00e9 inaper\u00e7u aupr\u00e8s des habitants.<\/p>\n<p>La fum\u00e9e noire visible au loin<\/p>\n<p class=\" wall-content\">Les sapeurs-pompiers sont intervenus vers 6h du matin, ce mardi, pour un \u00ab\u2009feu g\u00e9n\u00e9ralis\u00e9 d\u2019une maison et d\u2019un local de stockage\u2009\u00bb. Au total, les flammes ont ravag\u00e9 400 m\u00b2 de terrain. L\u2019impressionnant incendie s\u2019est d\u00e9clar\u00e9 au niveau du 175 chemin Gastaud, \u00e0 Antibes.<\/p>\n<p>    <a href=\"https:\/\/www.google.com\/maps\/embed?pb=!3m2!1sfr!2sfr!4v1756196750612!5m2!1sfr!2sfr!6m8!1m7!1s2eM0q0wj_G74jvUpoKlYhQ!2m2!1d43.58112647939799!2d7.094429956139369!3f279.5398!4f0!5f0.7820865974627469\" title=\"Ouvrie le lien\" rel=\"nofollow noopener\" target=\"_blank\">Cliquez ici pour visualiser le contenu<\/a><\/p>\n<p class=\" wall-content\">S\u2019il a \u00e9t\u00e9 rapidement circonscrit par les soldats du feu, les flammes et la fum\u00e9e noire \u00e9taient visibles <strong>depuis les communes voisines<\/strong>. Heureusement, aucun bless\u00e9 n\u2019est \u00e0 d\u00e9plorer, confirme le service d\u00e9partemental d\u2019incendie et de secours.<\/p>\n<p class=\" wall-content\">30 sapeurs-pompiers ont \u00e9t\u00e9 mobilis\u00e9s sur le sinistre. Ils se trouvent toujours sur place compte tenu des d\u00e9blais \u00e0 r\u00e9aliser.<\/p>\n<p class=\" wall-content\">Personnalisez votre actualit\u00e9 en ajoutant vos villes et m\u00e9dias en favori avec <a href=\"https:\/\/moncompte.actu.fr\" title=\"D\u00e9couvez Mon Actu\" rel=\"nofollow noopener\" data-trk=\"{&quot;cta&quot;:{&quot;action&quot;:&quot;https:\\\/\\\/moncompte.actu.fr&quot;,&quot;category&quot;:&quot;mon compte&quot;,&quot;from&quot;:&quot;article footer&quot;,&quot;name&quot;:&quot;Mon actu&quot;,&quot;type&quot;:&quot;cta&quot;}}\" target=\"_blank\">Mon Actu<\/a>.<\/p>\n","protected":false},"excerpt":{"rendered":"Par Manon Reinhardt Publi\u00e9 le 26 ao\u00fbt 2025 \u00e0 10h40 La fum\u00e9e \u00e9tait visible de tr\u00e8s loin. Ce&hellip;\n","protected":false},"author":2,"featured_media":346505,"comment_status":"","ping_status":"","sticky":false,"template":"","format":"standard","meta":{"footnotes":""},"categories":[2819],"tags":[1111,11,1777,674,118,1011,27,1310,12,2401,1311,882,25],"class_list":{"0":"post-346504","1":"post","2":"type-post","3":"status-publish","4":"format-standard","5":"has-post-thumbnail","7":"category-nice","8":"tag-actu","9":"tag-actualites","10":"tag-eu","11":"tag-europe","12":"tag-faits-divers","13":"tag-fr","14":"tag-france","15":"tag-incendie","16":"tag-news","17":"tag-nice","18":"tag-pompiers","19":"tag-provence-alpes-cote-dazur","20":"tag-republique-francaise"},"share_on_mastodon":{"url":"https:\/\/pubeurope.com\/@fr\/115098235946206983","error":""},"_links":{"self":[{"href":"https:\/\/www.europesays.com\/fr\/wp-json\/wp\/v2\/posts\/346504","targetHints":{"allow":["GET"]}}],"collection":[{"href":"https:\/\/www.europesays.com\/fr\/wp-json\/wp\/v2\/posts"}],"about":[{"href":"https:\/\/www.europesays.com\/fr\/wp-json\/wp\/v2\/types\/post"}],"author":[{"embeddable":true,"href":"https:\/\/www.europesays.com\/fr\/wp-json\/wp\/v2\/users\/2"}],"replies":[{"embeddable":true,"href":"https:\/\/www.europesays.com\/fr\/wp-json\/wp\/v2\/comments?post=346504"}],"version-history":[{"count":0,"href":"https:\/\/www.europesays.com\/fr\/wp-json\/wp\/v2\/posts\/346504\/revisions"}],"wp:featuredmedia":[{"embeddable":true,"href":"https:\/\/www.europesays.com\/fr\/wp-json\/wp\/v2\/media\/346505"}],"wp:attachment":[{"href":"https:\/\/www.europesays.com\/fr\/wp-json\/wp\/v2\/media?parent=346504"}],"wp:term":[{"taxonomy":"category","embeddable":true,"href":"https:\/\/www.europesays.com\/fr\/wp-json\/wp\/v2\/categories?post=346504"},{"taxonomy":"post_tag","embeddable":true,"href":"https:\/\/www.europesays.com\/fr\/wp-json\/wp\/v2\/tags?post=346504"}],"curies":[{"name":"wp","href":"https:\/\/api.w.org\/{rel}","templated":true}]}}