{"id":346510,"date":"2025-08-27T01:56:10","date_gmt":"2025-08-27T01:56:10","guid":{"rendered":"https:\/\/www.europesays.com\/fr\/346510\/"},"modified":"2025-08-27T01:56:10","modified_gmt":"2025-08-27T01:56:10","slug":"fc-nantes-yassine-benhattab-reussit-son-adaptation-en-ligue-1","status":"publish","type":"post","link":"https:\/\/www.europesays.com\/fr\/346510\/","title":{"rendered":"FC Nantes. Yassine Benhattab r\u00e9ussit son adaptation en Ligue 1"},"content":{"rendered":"<p data-start=\"313\" data-end=\"730\">Quand le football est un r\u00eave que rien n\u2019arr\u00eate, les secondes chances semblent envisageables et c\u2019est du moins ce dont Yassine Benhattab pourrait t\u00e9moigner. Natif de Marseille, form\u00e9 \u00e0 Niort puis non conserv\u00e9 \u00e0 la porte du monde professionnel dont il ne conna\u00eetra que quelques minutes. Le jeune Benhattab a d\u00fb rebondir et s\u2019accrocher \u00e0 son r\u00eave, direction la National 2 et le club d\u2019Aubagne dans sa Provence natale.<\/p>\n<p>De la National 2 \u00e0 la Ligue 1 en un an<\/p>\n<p data-start=\"732\" data-end=\"1039\">Apr\u00e8s 18 bons mois dans la quatri\u00e8me division fran\u00e7aise, le FC Nantes vient toquer \u00e0 la porte de l\u2019AFC pour s\u2019adjuger les services du milieu gaucher. Apr\u00e8s une ann\u00e9e en pr\u00eat dans son club, promu en National o\u00f9 il sera \u00e9lu joueur du championnat, Yassine Benhattab revient au FC Nantes plus fort que jamais.<\/p>\n<p>D\u00e9j\u00e0 indiscutable sur l\u2019aile droite ?<\/p>\n<p data-start=\"1041\" data-end=\"1534\">Face au PSG, il aura \u00e9t\u00e9 le seul \u00e9l\u00e9ment nantais capable de faire des diff\u00e9rences par sa vitesse et son agilit\u00e9, m\u00eame constat face \u00e0 Strasbourg o\u00f9 sa technique aura permis de distiller de v\u00e9ritables caviars \u00e0 ses partenaires, h\u00e9las non convertis (Guirassy et Abline). \u00c0 l\u2019image du collectif de Luis Castro, on attendra les statistiques avant de s\u2019enflammer mais les deux premiers matchs du gaucher d\u20191m70 ont tout pour \u00eatre rassurants quant \u00e0 sa saison sous les couleurs des Jaunes-et-Verts.<\/p>\n<p data-start=\"1536\" data-end=\"1981\">Gaucher exclusif, technique, rapide, il ne compte pas ses efforts et semble le payer aux alentours de la 65e\/70e minute de jeu. Face \u00e0 Strasbourg, ses co\u00e9quipiers ont beaucoup us\u00e9 de son relais et de sa patte gauche, il semblait bien fatigu\u00e9 \u00e0 sa sortie \u00e0 la 85e. Preuve aussi de la confiance que lui accorde l\u2019entra\u00eeneur portugais. Alors, croyez-vous en la saison de Yassine Benhattab, ou pensez-vous qu\u2019on en fait trop avec ce jeune ailier ?<\/p>\n","protected":false},"excerpt":{"rendered":"Quand le football est un r\u00eave que rien n\u2019arr\u00eate, les secondes chances semblent envisageables et c\u2019est du moins&hellip;\n","protected":false},"author":2,"featured_media":346511,"comment_status":"","ping_status":"","sticky":false,"template":"","format":"standard","meta":{"footnotes":""},"categories":[2818],"tags":[1111,11,1777,674,1011,27,766,12,2636,25],"class_list":{"0":"post-346510","1":"post","2":"type-post","3":"status-publish","4":"format-standard","5":"has-post-thumbnail","7":"category-nantes","8":"tag-actu","9":"tag-actualites","10":"tag-eu","11":"tag-europe","12":"tag-fr","13":"tag-france","14":"tag-nantes","15":"tag-news","16":"tag-pays-de-la-loire","17":"tag-republique-francaise"},"share_on_mastodon":{"url":"https:\/\/pubeurope.com\/@fr\/115098247729730854","error":""},"_links":{"self":[{"href":"https:\/\/www.europesays.com\/fr\/wp-json\/wp\/v2\/posts\/346510","targetHints":{"allow":["GET"]}}],"collection":[{"href":"https:\/\/www.europesays.com\/fr\/wp-json\/wp\/v2\/posts"}],"about":[{"href":"https:\/\/www.europesays.com\/fr\/wp-json\/wp\/v2\/types\/post"}],"author":[{"embeddable":true,"href":"https:\/\/www.europesays.com\/fr\/wp-json\/wp\/v2\/users\/2"}],"replies":[{"embeddable":true,"href":"https:\/\/www.europesays.com\/fr\/wp-json\/wp\/v2\/comments?post=346510"}],"version-history":[{"count":0,"href":"https:\/\/www.europesays.com\/fr\/wp-json\/wp\/v2\/posts\/346510\/revisions"}],"wp:featuredmedia":[{"embeddable":true,"href":"https:\/\/www.europesays.com\/fr\/wp-json\/wp\/v2\/media\/346511"}],"wp:attachment":[{"href":"https:\/\/www.europesays.com\/fr\/wp-json\/wp\/v2\/media?parent=346510"}],"wp:term":[{"taxonomy":"category","embeddable":true,"href":"https:\/\/www.europesays.com\/fr\/wp-json\/wp\/v2\/categories?post=346510"},{"taxonomy":"post_tag","embeddable":true,"href":"https:\/\/www.europesays.com\/fr\/wp-json\/wp\/v2\/tags?post=346510"}],"curies":[{"name":"wp","href":"https:\/\/api.w.org\/{rel}","templated":true}]}}