{"id":346516,"date":"2025-08-27T01:59:21","date_gmt":"2025-08-27T01:59:21","guid":{"rendered":"https:\/\/www.europesays.com\/fr\/346516\/"},"modified":"2025-08-27T01:59:21","modified_gmt":"2025-08-27T01:59:21","slug":"les-halles-de-la-cartoucherie-fetent-leurs-2-ans-avec-un-week-end-gratuit-festif-et-populaire","status":"publish","type":"post","link":"https:\/\/www.europesays.com\/fr\/346516\/","title":{"rendered":"Les Halles de la Cartoucherie f\u00eatent leurs 2 ans avec un week-end gratuit, festif et populaire"},"content":{"rendered":"<p>Pour sa rentr\u00e9e, le quartier de la Cartoucherie s\u2019appr\u00eate \u00e0 vivre <strong>un moment festif devenu d\u00e9sormais incontournable\u00a0: la Boum d\u2019anniversaire des Halles de la Cartoucherie.<\/strong> Deux jours de c\u00e9l\u00e9bration les samedi\u00a06 et dimanche 7\u00a0septembre, <strong>pour marquer deux ans d\u2019une aventure collective unique, culturelle, sportive et culinaire.<\/strong><\/p>\n<p>Depuis leur ouverture en septembre\u00a02023, <strong>les Halles ont accueilli plus de 3\u00a0millions de visiteurs.<\/strong> Et comme chaque rentr\u00e9e, elles marquent le coup <strong>avec une programmation festive, familiale et accessible \u00e0 tous.<\/strong><\/p>\n<p>\u00a0<\/p>\n<p>Une programmation \u00e0 l\u2019image des Halles\u00a0: vivante, ouverte, g\u00e9n\u00e9reuse<\/p>\n<p>Pendant tout le week-end, <strong>les espaces int\u00e9rieurs et ext\u00e9rieurs vibreront au rythme d\u2019activit\u00e9s gratuites\u00a0:<\/strong><br \/>&#8211; Mur d\u2019escalade, squash, cours collectifs de fitness<br \/>&#8211;\u00a0Spectacles, concerts, battle de danse hip-hop<br \/>&#8211;\u00a0Kermesse, karaok\u00e9, blind test<\/p>\n<p><strong>Et bien d\u2019autres surprises \u00e0 d\u00e9couvrir sur place\u00a0:<\/strong> un concentr\u00e9 de l\u2019esprit des Halles, <strong>\u00e0 la fois<\/strong> <strong>ludique, sportif, festif et inclusif.<\/strong><\/p>\n<blockquote>\n<p><strong>\u00c0 lire\u00a0: <a href=\"https:\/\/www.toulouscope.fr\/2022\/10\/17\/que-faire-a-toulouse-ce-week-endcette-semaine-10720860.php\" target=\"_self\" rel=\"nofollow noopener\">Que faire \u00e0 Toulouse ce week-end\/cette semaine\u00a0?<\/a><\/strong><\/p>\n<\/blockquote>\n<p>        <img decoding=\"async\" class=\"std-img__img responsive-img\" src=\"https:\/\/www.europesays.com\/fr\/wp-content\/uploads\/2025\/08\/1756259959_754_image.jpg\" alt=\"Un concentr\u00e9 de l\u2019esprit des Halles, \u00e0 la fois ludique, sportif, festif et inclusif\"\/><\/p>\n<p>                Un concentr\u00e9 de l\u2019esprit des Halles, \u00e0 la fois ludique, sportif, festif et inclusif<br \/>\n                                    \u00a9 DR<\/p>\n<p>\u00a0<\/p>\n<p>Nouveaux go\u00fbts, nouvelles envies\u00a0: la Place du March\u00e9 s\u2019agrandit<\/p>\n<p>D\u00e8s le 1er\u00a0septembre, <strong>sept nouveaux stands rejoignent la Place du March\u00e9<\/strong> et promettent <strong>un v\u00e9ritable voyage culinaire, entre terroir aveyronnais et cuisines du monde.<\/strong> \u00c0 d\u00e9couvrir notamment\u00a0:<strong> des sp\u00e9cialit\u00e9s mexicaines, iraniennes, japonaises, et d\u2019autres saveurs cr\u00e9atives et r\u00e9confortantes.<\/strong><\/p>\n<p>        <img decoding=\"async\" class=\"std-img__img responsive-img\" src=\"https:\/\/www.europesays.com\/fr\/wp-content\/uploads\/2025\/08\/1756259960_297_image.jpg\" alt=\"Un v\u00e9ritable voyage culinaire, entre terroir aveyronnais et cuisines du monde\"\/><\/p>\n<p>                Un v\u00e9ritable voyage culinaire, entre terroir aveyronnais et cuisines du monde<br \/>\n                                    \u00a9 DR<\/p>\n<p>\u00a0<\/p>\n<p>Une saison 3 prometteuse \u00e0 La Cabane<\/p>\n<p>Lieu central de la programmation culturelle, <strong>La Cabane d\u00e9voile une saison 2025-2026 riche de plus de 100 \u00e9v\u00e9nements\u00a0:<\/strong> concerts, spectacles d\u2019humour, danse, th\u00e9\u00e2tre, cirque, salsa, rap, m\u00e9tal ou encore \u00e9lectro.<\/p>\n<p><strong>Plusieurs temps forts marqueront la saison\u00a0: <\/strong>le retour du Girls Don\u2019t Cry Festival, du Pink City World Battle, ou encore la Nuit des Chercheurs (le 3\u00a0octobre).<strong> De nouvelles collaborations et formats originaux viennent enrichir une programmation \u00e9clectique et exigeante.<\/strong><\/p>\n<blockquote>\n<p><strong>\u00c0 lire\u00a0: <\/strong><a href=\"https:\/\/www.toulouscope.fr\/2025\/07\/04\/reza-celebre-les-femmes-de-laviation-dans-une-exposition-immersive-au-musee-aeroscopia-12787614.php\" target=\"_self\" rel=\"nofollow noopener\"><strong>Reza c\u00e9l\u00e8bre les femmes de l\u2019aviation dans une exposition immersive au mus\u00e9e aeroscopia<\/strong><\/a><\/p>\n<\/blockquote>\n<p>\u00a0<\/p>\n<p>Un lieu de vie \u00e0 l\u2019\u00e9nergie collective<\/p>\n<p>Bien plus qu\u2019un espace \u00e9v\u00e9nementiel, les Halles de la Cartoucherie<strong> sont devenues un v\u00e9ritable laboratoire urbain.<\/strong> Elles regroupent <strong>des espaces de restauration, de sport, de coworking, deux \u00e9coles et une offre culturelle riche, au sein d\u2019un ancien site industriel r\u00e9habilit\u00e9.<\/strong> Port\u00e9 par un collectif de coop\u00e9ratives, <strong>ce projet inscrit son action dans une d\u00e9marche de transition sociale et environnementale.<\/strong><\/p>\n<p>        <img decoding=\"async\" class=\"std-img__img responsive-img\" src=\"https:\/\/www.europesays.com\/fr\/wp-content\/uploads\/2025\/08\/1756259961_594_image.jpg\" alt=\"Un lieu de vie \u00e0 l\u2019\u00e9nergie collective\"\/><\/p>\n<p>                Un lieu de vie \u00e0 l\u2019\u00e9nergie collective<br \/>\n                                    \u00a9 DR<\/p>\n<p>Rendez-vous<strong> les 6 et 7\u00a0septembre <\/strong>pour f\u00eater ensemble <strong>les deux ans des Halles de la Cartoucherie.<\/strong><\/p>\n<blockquote>\n<p><a href=\"https:\/\/halles-cartoucherie.fr\/event\/boum-danniversaire\/\" target=\"_self\" rel=\"nofollow noopener\"><strong>Plus d&rsquo;informations sur l&rsquo;\u00e9v\u00e9nement sur le site des\u00a0Halles de la Cartoucherie<\/strong><\/a><\/p>\n<\/blockquote>\n<p>\n            Date :<br \/>\n                            06 sept.<br \/>\n                                        au 07 sept.\n                    <\/p>\n<p>\n            Lieu :<br \/>\n            Halles de la Cartoucherie\n        <\/p>\n<p>\n            Adresse :<br \/>\n            10 Place de la Charte des Libert\u00e9s Communales, 31300 Toulouse\n        <\/p>\n","protected":false},"excerpt":{"rendered":"Pour sa rentr\u00e9e, le quartier de la Cartoucherie s\u2019appr\u00eate \u00e0 vivre un moment festif devenu d\u00e9sormais incontournable\u00a0: la&hellip;\n","protected":false},"author":2,"featured_media":346517,"comment_status":"","ping_status":"","sticky":false,"template":"","format":"standard","meta":{"footnotes":""},"categories":[2816],"tags":[1111,11,1777,674,1011,27,12,2680,25,2312],"class_list":{"0":"post-346516","1":"post","2":"type-post","3":"status-publish","4":"format-standard","5":"has-post-thumbnail","7":"category-toulouse","8":"tag-actu","9":"tag-actualites","10":"tag-eu","11":"tag-europe","12":"tag-fr","13":"tag-france","14":"tag-news","15":"tag-occitanie","16":"tag-republique-francaise","17":"tag-toulouse"},"share_on_mastodon":{"url":"https:\/\/pubeurope.com\/@fr\/115098259816821555","error":""},"_links":{"self":[{"href":"https:\/\/www.europesays.com\/fr\/wp-json\/wp\/v2\/posts\/346516","targetHints":{"allow":["GET"]}}],"collection":[{"href":"https:\/\/www.europesays.com\/fr\/wp-json\/wp\/v2\/posts"}],"about":[{"href":"https:\/\/www.europesays.com\/fr\/wp-json\/wp\/v2\/types\/post"}],"author":[{"embeddable":true,"href":"https:\/\/www.europesays.com\/fr\/wp-json\/wp\/v2\/users\/2"}],"replies":[{"embeddable":true,"href":"https:\/\/www.europesays.com\/fr\/wp-json\/wp\/v2\/comments?post=346516"}],"version-history":[{"count":0,"href":"https:\/\/www.europesays.com\/fr\/wp-json\/wp\/v2\/posts\/346516\/revisions"}],"wp:featuredmedia":[{"embeddable":true,"href":"https:\/\/www.europesays.com\/fr\/wp-json\/wp\/v2\/media\/346517"}],"wp:attachment":[{"href":"https:\/\/www.europesays.com\/fr\/wp-json\/wp\/v2\/media?parent=346516"}],"wp:term":[{"taxonomy":"category","embeddable":true,"href":"https:\/\/www.europesays.com\/fr\/wp-json\/wp\/v2\/categories?post=346516"},{"taxonomy":"post_tag","embeddable":true,"href":"https:\/\/www.europesays.com\/fr\/wp-json\/wp\/v2\/tags?post=346516"}],"curies":[{"name":"wp","href":"https:\/\/api.w.org\/{rel}","templated":true}]}}