{"id":346521,"date":"2025-08-27T02:03:14","date_gmt":"2025-08-27T02:03:14","guid":{"rendered":"https:\/\/www.europesays.com\/fr\/346521\/"},"modified":"2025-08-27T02:03:14","modified_gmt":"2025-08-27T02:03:14","slug":"passager-du-vtc-avec-de-la-cocaine-automobiliste-recherche-ces-controles-routiers-fructueux-a-marseille","status":"publish","type":"post","link":"https:\/\/www.europesays.com\/fr\/346521\/","title":{"rendered":"Passager du VTC avec de la coca\u00efne, automobiliste recherch\u00e9&#8230; ces contr\u00f4les routiers fructueux \u00e0 Marseille"},"content":{"rendered":"<p>Les contr\u00f4les routiers produisent parfois des r\u00e9sultats inattendus. Vers 2\u00a0h\u00a030 du matin ce mardi 26\u00a0ao\u00fbt, alors qu&rsquo;ils avaient entrepris de contr\u00f4ler le v\u00e9hicule d&rsquo;un <a href=\"https:\/\/www.laprovence.com\/article\/faits-divers-justice\/16035171556821\/marseille-deux-hommes-arretes-apres-une-serie-de-braquages-de-chauffeurs-vtc\" target=\"_blank\" rel=\"noopener\">chauffeur VTC<\/a> qui circulait <a href=\"https:\/\/www.laprovence.com\/article\/faits-divers-justice\/3507122116669115\/deux-femmes-fauchees-par-une-voiture-a-marseille-un-pronostic-vital-engage\" target=\"_blank\" rel=\"noopener\">rue du docteur L\u00e9on Perrin<\/a> dans le 3e arrondissement de Marseille, c&rsquo;est en fait aupr\u00e8s de son passager que les policiers ont fait la d\u00e9couverte la plus int\u00e9ressante.<\/p>\n<p>Le client du VTC \u00e9tait en effet en possession de plusieurs flacons de coca\u00efne et d&rsquo;une somme d&rsquo;argent liquide dont il a \u00e9t\u00e9 bien en peine de justifier la provenance. D\u00e9lest\u00e9 d&rsquo;environ 250 grammes de coca\u00efne et de 700\u00a0euros en num\u00e9raire, l&rsquo;individu de 20 ans a \u00e9t\u00e9 interpell\u00e9 et plac\u00e9 en garde \u00e0 vue.<\/p>\n<p>Recherch\u00e9 pour trafic de stup\u00e9fiants et recel de vol<\/p>\n<p>Un peu plus t\u00f4t, c&rsquo;est sur le <a href=\"https:\/\/www.laprovence.com\/article\/region\/1432254313916215\/installe-sur-une-route-tres-frequentee-a-marseille-ce-nouveau-radar-mobile-flashe-les-automobilistes-des-30-km-h\" target=\"_blank\" rel=\"noopener\">chemin des Goudes<\/a>, dans le 8e arrondissement de Marseille que les policiers qui se livraient \u00e0 un contr\u00f4le routier initialement destin\u00e9 \u00e0 dissuader les amateurs de <a href=\"https:\/\/www.laprovence.com\/article\/faits-divers-justice\/6027282067955714\/rodeo-urbain-grosses-cylindrees-les-controles-routiers-appeles-a-se-multiplier-aux-goudes-a-marseille\" target=\"_blank\" rel=\"noopener\">rod\u00e9os urbains<\/a>, sont tomb\u00e9s sur un automobiliste au casier particuli\u00e8rement charg\u00e9.<\/p>\n<p>Quelques recherches rondement men\u00e9es ont en effet r\u00e9v\u00e9l\u00e9 que le conducteur \u00e2g\u00e9 de 23 ans, faisait l&rsquo;objet de deux fiches de recherche le condamnant chacune \u00e0 de la prison ferme, l&rsquo;une pour trafic de stup\u00e9fiants et l&rsquo;autre pour recel de vol. Interpell\u00e9, il a \u00e9t\u00e9 plac\u00e9 en garde \u00e0 vue, avant d&rsquo;\u00eatre incarc\u00e9r\u00e9.<\/p>\n","protected":false},"excerpt":{"rendered":"Les contr\u00f4les routiers produisent parfois des r\u00e9sultats inattendus. Vers 2\u00a0h\u00a030 du matin ce mardi 26\u00a0ao\u00fbt, alors qu&rsquo;ils avaient&hellip;\n","protected":false},"author":2,"featured_media":346522,"comment_status":"","ping_status":"","sticky":false,"template":"","format":"standard","meta":{"footnotes":""},"categories":[2814],"tags":[17,1111,11,15738,3396,1102,9122,3993,1777,674,274,1011,27,884,12,12030,882,959,25,9699],"class_list":{"0":"post-346521","1":"post","2":"type-post","3":"status-publish","4":"format-standard","5":"has-post-thumbnail","7":"category-marseille","8":"tag-17","9":"tag-actu","10":"tag-actualites","11":"tag-automobiliste","12":"tag-avec","13":"tag-breakingnews","14":"tag-ces","15":"tag-cocaine","16":"tag-eu","17":"tag-europe","18":"tag-faits-divers-justice","19":"tag-fr","20":"tag-france","21":"tag-marseille","22":"tag-news","23":"tag-passager","24":"tag-provence-alpes-cote-dazur","25":"tag-recherche","26":"tag-republique-francaise","27":"tag-vtc"},"share_on_mastodon":{"url":"https:\/\/pubeurope.com\/@fr\/115098275278130090","error":""},"_links":{"self":[{"href":"https:\/\/www.europesays.com\/fr\/wp-json\/wp\/v2\/posts\/346521","targetHints":{"allow":["GET"]}}],"collection":[{"href":"https:\/\/www.europesays.com\/fr\/wp-json\/wp\/v2\/posts"}],"about":[{"href":"https:\/\/www.europesays.com\/fr\/wp-json\/wp\/v2\/types\/post"}],"author":[{"embeddable":true,"href":"https:\/\/www.europesays.com\/fr\/wp-json\/wp\/v2\/users\/2"}],"replies":[{"embeddable":true,"href":"https:\/\/www.europesays.com\/fr\/wp-json\/wp\/v2\/comments?post=346521"}],"version-history":[{"count":0,"href":"https:\/\/www.europesays.com\/fr\/wp-json\/wp\/v2\/posts\/346521\/revisions"}],"wp:featuredmedia":[{"embeddable":true,"href":"https:\/\/www.europesays.com\/fr\/wp-json\/wp\/v2\/media\/346522"}],"wp:attachment":[{"href":"https:\/\/www.europesays.com\/fr\/wp-json\/wp\/v2\/media?parent=346521"}],"wp:term":[{"taxonomy":"category","embeddable":true,"href":"https:\/\/www.europesays.com\/fr\/wp-json\/wp\/v2\/categories?post=346521"},{"taxonomy":"post_tag","embeddable":true,"href":"https:\/\/www.europesays.com\/fr\/wp-json\/wp\/v2\/tags?post=346521"}],"curies":[{"name":"wp","href":"https:\/\/api.w.org\/{rel}","templated":true}]}}