{"id":346523,"date":"2025-08-27T02:04:16","date_gmt":"2025-08-27T02:04:16","guid":{"rendered":"https:\/\/www.europesays.com\/fr\/346523\/"},"modified":"2025-08-27T02:04:16","modified_gmt":"2025-08-27T02:04:16","slug":"coups-de-feu-et-tirs-de-mortiers-dans-le-quartier-sainte-marguerite-a-marseille","status":"publish","type":"post","link":"https:\/\/www.europesays.com\/fr\/346523\/","title":{"rendered":"Coups de feu et tirs de mortiers dans le quartier Sainte-Marguerite \u00e0 Marseille"},"content":{"rendered":"<p>Plusieurs riverains de l&rsquo;avenue du Fr\u00eane ont compos\u00e9 le 17 (le num\u00e9ro \u00e0 appeler pour joindre police secours) tr\u00e8s t\u00f4t ce mardi matin 26\u00a0ao\u00fbt. Tous signalaient avoir entendu des <a href=\"https:\/\/www.laprovence.com\/article\/region\/894234378238114\/des-policiers-vises-par-des-tirs-de-mortiers-dartifice-a-marseille\" target=\"_blank\" rel=\"noopener\">tirs de mortiers<\/a> et des coups de feu en direction d&rsquo;un immeuble de ce quartier du 9e arrondissement de Marseille.<\/p>\n<p>Les policiers se sont aussit\u00f4t rendus dans le <a href=\"https:\/\/www.laprovence.com\/article\/region\/28370788193190\/la-parole-aux-habitants-de-marseille-quelles-sont-vos-idees-pour-ameliorer-le-quartier-de-sainte-marguerite\" target=\"_blank\" rel=\"noopener\">quartier Sainte-Marguerite<\/a> o\u00f9 ils ont effectivement d\u00e9couvert des traces de tirs de mortiers ainsi que des douilles au sol indiquant qu&rsquo;on y avait d\u00e9fouraill\u00e9 r\u00e9cemment.<\/p>\n<p>Selon des t\u00e9moins, deux individus auraient \u00e9t\u00e9 vus quittant pr\u00e9cipitamment les lieux apr\u00e8s les faits \u00e0 bord d&rsquo;un deux-roues. Une enqu\u00eate de police a \u00e9t\u00e9 ouverte.<\/p>\n","protected":false},"excerpt":{"rendered":"Plusieurs riverains de l&rsquo;avenue du Fr\u00eane ont compos\u00e9 le 17 (le num\u00e9ro \u00e0 appeler pour joindre police secours)&hellip;\n","protected":false},"author":2,"featured_media":346524,"comment_status":"","ping_status":"","sticky":false,"template":"","format":"standard","meta":{"footnotes":""},"categories":[2814],"tags":[17,1111,11,854,1446,1777,674,274,1312,1011,27,884,48260,12,882,5775,25,16993,9655],"class_list":{"0":"post-346523","1":"post","2":"type-post","3":"status-publish","4":"format-standard","5":"has-post-thumbnail","7":"category-marseille","8":"tag-17","9":"tag-actu","10":"tag-actualites","11":"tag-coups","12":"tag-dans","13":"tag-eu","14":"tag-europe","15":"tag-faits-divers-justice","16":"tag-feu","17":"tag-fr","18":"tag-france","19":"tag-marseille","20":"tag-mortiers","21":"tag-news","22":"tag-provence-alpes-cote-dazur","23":"tag-quartier","24":"tag-republique-francaise","25":"tag-sainte-marguerite","26":"tag-tirs"},"share_on_mastodon":{"url":"https:\/\/pubeurope.com\/@fr\/115098279352406004","error":""},"_links":{"self":[{"href":"https:\/\/www.europesays.com\/fr\/wp-json\/wp\/v2\/posts\/346523","targetHints":{"allow":["GET"]}}],"collection":[{"href":"https:\/\/www.europesays.com\/fr\/wp-json\/wp\/v2\/posts"}],"about":[{"href":"https:\/\/www.europesays.com\/fr\/wp-json\/wp\/v2\/types\/post"}],"author":[{"embeddable":true,"href":"https:\/\/www.europesays.com\/fr\/wp-json\/wp\/v2\/users\/2"}],"replies":[{"embeddable":true,"href":"https:\/\/www.europesays.com\/fr\/wp-json\/wp\/v2\/comments?post=346523"}],"version-history":[{"count":0,"href":"https:\/\/www.europesays.com\/fr\/wp-json\/wp\/v2\/posts\/346523\/revisions"}],"wp:featuredmedia":[{"embeddable":true,"href":"https:\/\/www.europesays.com\/fr\/wp-json\/wp\/v2\/media\/346524"}],"wp:attachment":[{"href":"https:\/\/www.europesays.com\/fr\/wp-json\/wp\/v2\/media?parent=346523"}],"wp:term":[{"taxonomy":"category","embeddable":true,"href":"https:\/\/www.europesays.com\/fr\/wp-json\/wp\/v2\/categories?post=346523"},{"taxonomy":"post_tag","embeddable":true,"href":"https:\/\/www.europesays.com\/fr\/wp-json\/wp\/v2\/tags?post=346523"}],"curies":[{"name":"wp","href":"https:\/\/api.w.org\/{rel}","templated":true}]}}