{"id":346525,"date":"2025-08-27T02:05:18","date_gmt":"2025-08-27T02:05:18","guid":{"rendered":"https:\/\/www.europesays.com\/fr\/346525\/"},"modified":"2025-08-27T02:05:18","modified_gmt":"2025-08-27T02:05:18","slug":"lyon-6e-un-incendie-affole-la-rue-moliere","status":"publish","type":"post","link":"https:\/\/www.europesays.com\/fr\/346525\/","title":{"rendered":"Lyon 6e. Un incendie affole la rue Moli\u00e8re"},"content":{"rendered":"<p>\t\t\t\t<img loading=\"lazy\" decoding=\"async\" width=\"900\" height=\"675\" src=\"data:image\/svg+xml,%3Csvg%20xmlns=\" http:=\"\" alt=\"\" title=\"01 incendie rue Molie\u0300re\" class=\"wp-image-163819\" data-lazy- data-lazy- data-lazy-src=\"https:\/\/www.europesays.com\/fr\/wp-content\/uploads\/2025\/08\/01-incendie-rue-Molie\u0300re.jpg\"\/><\/p>\n<p><strong>Texte\u00a0: Morgan Couturier \u2013<\/strong> La rue Moli\u00e8re fut longuement agit\u00e9e ce mardi matin, un incendie ayant mobilis\u00e9 une forte d\u00e9l\u00e9gation de sapeurs-pompiers. Plus de peur que de mal toutefois pour les habitants de l\u2019immeuble concern\u00e9.<\/p>\n<p>L\u2019odeur de br\u00fbl\u00e9, tr\u00e8s prenante \u00e0 l\u2019entr\u00e9e de la rue, et les sir\u00e8nes des camions de pompiers avaient laiss\u00e9 craindre le pire. D\u2019autant que les soldats du feu s\u2019\u00e9taient d\u00e9plac\u00e9s en masse au c\u0153ur de la rue Moli\u00e8re.<\/p>\n<p><a href=\"https:\/\/www.lyonpeople.com\/actualites-lyon\/lyon-6e-un-incendie-affole-la-rue-moliere-2025-08-26.html\/attachment\/03-incendie-rue-moliere\" rel=\"attachment wp-att-163817 noopener\" target=\"_blank\"><img loading=\"lazy\" decoding=\"async\" class=\" wp-image-163817 alignleft\" src=\"data:image\/svg+xml,%3Csvg%20xmlns=\" http:=\"\" alt=\"\" width=\"368\" height=\"491\" data-lazy- data-lazy- data-lazy-src=\"https:\/\/www.europesays.com\/fr\/wp-content\/uploads\/2025\/08\/03-incendie-rue-Molie\u0300re.jpg\"\/><\/a><\/p>\n<p>Aux alentours de 11 heures ce mardi 26 ao\u00fbt, ces derniers furent en effet mobilis\u00e9s pour un incendie d\u00e9clench\u00e9 au sein de la r\u00e9sidence Moli\u00e8re, au 22 de la rue \u00e9ponyme. Selon les faits observ\u00e9s, c\u2019est au 3e \u00e9tage, dans un appartement de cet immeuble compos\u00e9 de logements sociaux que des flammes se seraient d\u00e9clar\u00e9es.<\/p>\n<p>Rapidement sur place, les sapeurs-pompiers ont n\u00e9anmoins permis au couple concern\u00e9 et \u00e0 ses deux enfants, dont un en bas \u00e2ge, d\u2019\u00eatre \u00e9vacu\u00e9s. Le feu, lui, a pu rapidement \u00eatre ma\u00eetris\u00e9, sans que l\u2019immeuble soit trop atteint.<\/p>\n<p>Pour preuve, l\u2019absence d\u2019inqui\u00e9tude chez les voisins des niveaux sup\u00e9rieurs, visiblement pas tr\u00e8s effray\u00e9s par toute cette agitation. Si elle finit bien, l\u2019histoire aura toutefois alert\u00e9. Et cr\u00e9\u00e9 un vent d\u2019anxi\u00e9t\u00e9 au c\u0153ur du quartier.<\/p>\n<p><a href=\"https:\/\/www.lyonpeople.com\/actualites-lyon\/lyon-6e-un-incendie-affole-la-rue-moliere-2025-08-26.html\/attachment\/05-incendie-rue-moliere\" rel=\"attachment wp-att-163818 noopener\" target=\"_blank\"><img loading=\"lazy\" decoding=\"async\" class=\"alignnone size-full wp-image-163818\" src=\"data:image\/svg+xml,%3Csvg%20xmlns=\" http:=\"\" alt=\"\" width=\"900\" height=\"675\" data-lazy- data-lazy- data-lazy-src=\"https:\/\/www.europesays.com\/fr\/wp-content\/uploads\/2025\/08\/05-incendie-rue-Molie\u0300re.jpg\"\/><\/a><\/p>\n","protected":false},"excerpt":{"rendered":"Texte\u00a0: Morgan Couturier \u2013 La rue Moli\u00e8re fut longuement agit\u00e9e ce mardi matin, un incendie ayant mobilis\u00e9 une&hellip;\n","protected":false},"author":2,"featured_media":346526,"comment_status":"","ping_status":"","sticky":false,"template":"","format":"standard","meta":{"footnotes":""},"categories":[1889],"tags":[4257,1111,47,4258,11,2430,1777,674,1011,27,1310,2428,12,25],"class_list":{"0":"post-346525","1":"post","2":"type-post","3":"status-publish","4":"format-standard","5":"has-post-thumbnail","7":"category-lyon","8":"tag-0top","9":"tag-actu","10":"tag-actualite","11":"tag-actualite-lyon","12":"tag-actualites","13":"tag-auvergne-rhone-alpes","14":"tag-eu","15":"tag-europe","16":"tag-fr","17":"tag-france","18":"tag-incendie","19":"tag-lyon","20":"tag-news","21":"tag-republique-francaise"},"share_on_mastodon":{"url":"https:\/\/pubeurope.com\/@fr\/115098283159616384","error":""},"_links":{"self":[{"href":"https:\/\/www.europesays.com\/fr\/wp-json\/wp\/v2\/posts\/346525","targetHints":{"allow":["GET"]}}],"collection":[{"href":"https:\/\/www.europesays.com\/fr\/wp-json\/wp\/v2\/posts"}],"about":[{"href":"https:\/\/www.europesays.com\/fr\/wp-json\/wp\/v2\/types\/post"}],"author":[{"embeddable":true,"href":"https:\/\/www.europesays.com\/fr\/wp-json\/wp\/v2\/users\/2"}],"replies":[{"embeddable":true,"href":"https:\/\/www.europesays.com\/fr\/wp-json\/wp\/v2\/comments?post=346525"}],"version-history":[{"count":0,"href":"https:\/\/www.europesays.com\/fr\/wp-json\/wp\/v2\/posts\/346525\/revisions"}],"wp:featuredmedia":[{"embeddable":true,"href":"https:\/\/www.europesays.com\/fr\/wp-json\/wp\/v2\/media\/346526"}],"wp:attachment":[{"href":"https:\/\/www.europesays.com\/fr\/wp-json\/wp\/v2\/media?parent=346525"}],"wp:term":[{"taxonomy":"category","embeddable":true,"href":"https:\/\/www.europesays.com\/fr\/wp-json\/wp\/v2\/categories?post=346525"},{"taxonomy":"post_tag","embeddable":true,"href":"https:\/\/www.europesays.com\/fr\/wp-json\/wp\/v2\/tags?post=346525"}],"curies":[{"name":"wp","href":"https:\/\/api.w.org\/{rel}","templated":true}]}}