{"id":346527,"date":"2025-08-27T02:06:29","date_gmt":"2025-08-27T02:06:29","guid":{"rendered":"https:\/\/www.europesays.com\/fr\/346527\/"},"modified":"2025-08-27T02:06:29","modified_gmt":"2025-08-27T02:06:29","slug":"la-commission-europeenne-donne-le-tempo","status":"publish","type":"post","link":"https:\/\/www.europesays.com\/fr\/346527\/","title":{"rendered":"la Commission europ\u00e9enne donne le tempo"},"content":{"rendered":"<p>C&rsquo;est une d\u00e9cision qui \u00ab\u00a0d\u00e9finit les actions et le calendrier de mise en \u0153uvre\u00a0\u00bb de l&rsquo;un des grands projets d&rsquo;infrastructures structurant pour l&rsquo;Europe. Un projet qui est m\u00eame consid\u00e9r\u00e9 comme jouant \u00ab\u00a0un r\u00f4le crucial dans le fonctionnement du corridor\u00a0\u00bb M\u00e9diterran\u00e9e. <\/p>\n<p class=\"para r3\">\u00a0<\/p>\n<p>Dans une d\u00e9cision d&rsquo;ex\u00e9cution adopt\u00e9e par la Commission europ\u00e9enne,  <\/p>\n<p>Il vous reste 83% \u00e0 d\u00e9couvrir.<\/p>\n","protected":false},"excerpt":{"rendered":"C&rsquo;est une d\u00e9cision qui \u00ab\u00a0d\u00e9finit les actions et le calendrier de mise en \u0153uvre\u00a0\u00bb de l&rsquo;un des grands&hellip;\n","protected":false},"author":2,"featured_media":346528,"comment_status":"","ping_status":"","sticky":false,"template":"","format":"standard","meta":{"footnotes":""},"categories":[1889],"tags":[1111,11,2430,1777,674,1011,27,2428,12,25],"class_list":{"0":"post-346527","1":"post","2":"type-post","3":"status-publish","4":"format-standard","5":"has-post-thumbnail","7":"category-lyon","8":"tag-actu","9":"tag-actualites","10":"tag-auvergne-rhone-alpes","11":"tag-eu","12":"tag-europe","13":"tag-fr","14":"tag-france","15":"tag-lyon","16":"tag-news","17":"tag-republique-francaise"},"share_on_mastodon":{"url":"https:\/\/pubeurope.com\/@fr\/115098287032172369","error":""},"_links":{"self":[{"href":"https:\/\/www.europesays.com\/fr\/wp-json\/wp\/v2\/posts\/346527","targetHints":{"allow":["GET"]}}],"collection":[{"href":"https:\/\/www.europesays.com\/fr\/wp-json\/wp\/v2\/posts"}],"about":[{"href":"https:\/\/www.europesays.com\/fr\/wp-json\/wp\/v2\/types\/post"}],"author":[{"embeddable":true,"href":"https:\/\/www.europesays.com\/fr\/wp-json\/wp\/v2\/users\/2"}],"replies":[{"embeddable":true,"href":"https:\/\/www.europesays.com\/fr\/wp-json\/wp\/v2\/comments?post=346527"}],"version-history":[{"count":0,"href":"https:\/\/www.europesays.com\/fr\/wp-json\/wp\/v2\/posts\/346527\/revisions"}],"wp:featuredmedia":[{"embeddable":true,"href":"https:\/\/www.europesays.com\/fr\/wp-json\/wp\/v2\/media\/346528"}],"wp:attachment":[{"href":"https:\/\/www.europesays.com\/fr\/wp-json\/wp\/v2\/media?parent=346527"}],"wp:term":[{"taxonomy":"category","embeddable":true,"href":"https:\/\/www.europesays.com\/fr\/wp-json\/wp\/v2\/categories?post=346527"},{"taxonomy":"post_tag","embeddable":true,"href":"https:\/\/www.europesays.com\/fr\/wp-json\/wp\/v2\/tags?post=346527"}],"curies":[{"name":"wp","href":"https:\/\/api.w.org\/{rel}","templated":true}]}}