{"id":346538,"date":"2025-08-27T02:14:12","date_gmt":"2025-08-27T02:14:12","guid":{"rendered":"https:\/\/www.europesays.com\/fr\/346538\/"},"modified":"2025-08-27T02:14:12","modified_gmt":"2025-08-27T02:14:12","slug":"guerre-en-ukraine-les-hommes-de-18-a-22-ans-a-nouveau-autorises-a-se-rendre-a-letranger","status":"publish","type":"post","link":"https:\/\/www.europesays.com\/fr\/346538\/","title":{"rendered":"Guerre en Ukraine\u00a0: les hommes de 18 \u00e0 22 ans \u00e0 nouveau autoris\u00e9s \u00e0 se rendre \u00e0 l\u2019\u00e9tranger"},"content":{"rendered":"<p>Jusque-l\u00e0, depuis le d\u00e9but de la guerre en f\u00e9vrier\u00a02022, les hommes \u00e2g\u00e9s de 18 \u00e0 60 ans avaient interdiction de quitter l\u2019Ukraine, sauf exceptions. Des milliers d\u2019entre eux tentent de le faire ill\u00e9galement chaque ann\u00e9e, parfois au p\u00e9ril de leur vie. \u00ab\u00a0Le gouvernement a mis \u00e0 jour la proc\u00e9dure de franchissement de la fronti\u00e8re nationale. Les hommes \u00e2g\u00e9s de 18 \u00e0 22 ans pourront franchir la fronti\u00e8re sans entrave pendant la loi martiale\u00a0\u00bb, a annonc\u00e9 sur Telegram la Premi\u00e8re ministre Ioulia Svyrydenko. Selon elle, cette d\u00e9cision s\u2019applique \u00e0 \u00ab\u00a0tous les citoyens des \u00e2ges concern\u00e9s\u00a0\u00bb, y compris \u00e0 ceux \u00ab\u00a0qui se trouvent actuellement \u00e0 l\u2019\u00e9tranger\u00a0\u00bb et qui peuvent donc retourner en Ukraine et en repartir librement. \u00ab\u00a0Nous voulons que les Ukrainiens maintiennent autant que possible leurs liens avec l\u2019Ukraine\u00a0\u00bb, a expliqu\u00e9 Mme\u00a0Svyrydenko.<\/p>\n<p>Les 18-22 ans ne sont pas concern\u00e9s par la mobilisation militaire, dont l\u2019\u00e2ge minimal avait \u00e9t\u00e9 abaiss\u00e9 en avril\u00a02024 \u00e0 25 ans. L\u2019arm\u00e9e avait en revanche mis en place un contrat assorti d\u2019incitations financi\u00e8res pour cette tranche de la population masculine, qui n\u2019a pas eu le succ\u00e8s escompt\u00e9. Plus de 5,6\u00a0millions d\u2019Ukrainiens se sont r\u00e9fugi\u00e9s \u00e0 l\u2019\u00e9tranger, dont la grande majorit\u00e9 en Europe, selon les chiffres de l\u2019ONU.<\/p>\n","protected":false},"excerpt":{"rendered":"Jusque-l\u00e0, depuis le d\u00e9but de la guerre en f\u00e9vrier\u00a02022, les hommes \u00e2g\u00e9s de 18 \u00e0 60 ans avaient&hellip;\n","protected":false},"author":2,"featured_media":346539,"comment_status":"","ping_status":"","sticky":false,"template":"","format":"standard","meta":{"footnotes":""},"categories":[1590],"tags":[11,1777,674,12,220],"class_list":{"0":"post-346538","1":"post","2":"type-post","3":"status-publish","4":"format-standard","5":"has-post-thumbnail","7":"category-ukraine","8":"tag-actualites","9":"tag-eu","10":"tag-europe","11":"tag-news","12":"tag-ukraine"},"share_on_mastodon":{"url":"https:\/\/pubeurope.com\/@fr\/115098318559495837","error":""},"_links":{"self":[{"href":"https:\/\/www.europesays.com\/fr\/wp-json\/wp\/v2\/posts\/346538","targetHints":{"allow":["GET"]}}],"collection":[{"href":"https:\/\/www.europesays.com\/fr\/wp-json\/wp\/v2\/posts"}],"about":[{"href":"https:\/\/www.europesays.com\/fr\/wp-json\/wp\/v2\/types\/post"}],"author":[{"embeddable":true,"href":"https:\/\/www.europesays.com\/fr\/wp-json\/wp\/v2\/users\/2"}],"replies":[{"embeddable":true,"href":"https:\/\/www.europesays.com\/fr\/wp-json\/wp\/v2\/comments?post=346538"}],"version-history":[{"count":0,"href":"https:\/\/www.europesays.com\/fr\/wp-json\/wp\/v2\/posts\/346538\/revisions"}],"wp:featuredmedia":[{"embeddable":true,"href":"https:\/\/www.europesays.com\/fr\/wp-json\/wp\/v2\/media\/346539"}],"wp:attachment":[{"href":"https:\/\/www.europesays.com\/fr\/wp-json\/wp\/v2\/media?parent=346538"}],"wp:term":[{"taxonomy":"category","embeddable":true,"href":"https:\/\/www.europesays.com\/fr\/wp-json\/wp\/v2\/categories?post=346538"},{"taxonomy":"post_tag","embeddable":true,"href":"https:\/\/www.europesays.com\/fr\/wp-json\/wp\/v2\/tags?post=346538"}],"curies":[{"name":"wp","href":"https:\/\/api.w.org\/{rel}","templated":true}]}}