{"id":346542,"date":"2025-08-27T02:16:16","date_gmt":"2025-08-27T02:16:16","guid":{"rendered":"https:\/\/www.europesays.com\/fr\/346542\/"},"modified":"2025-08-27T02:16:16","modified_gmt":"2025-08-27T02:16:16","slug":"laew-de-retour-au-royaume-uni-en-decembre-2025","status":"publish","type":"post","link":"https:\/\/www.europesays.com\/fr\/346542\/","title":{"rendered":"L&rsquo;AEW de retour au Royaume-Uni en d\u00e9cembre 2025"},"content":{"rendered":"<p>\t\t\t\t\t\t\t\t\t\t\t<img width=\"1920\" height=\"1080\" src=\"https:\/\/www.europesays.com\/fr\/wp-content\/uploads\/2025\/08\/LAEW-de-retour-au-Royaume-Uni-en-decembre-2025.jpeg\" class=\"attachment- size- wp-post-image\" alt=\"L'AEW de retour au Royaume-Uni en d\u00e9cembre 2025\" decoding=\"async\" loading=\"lazy\"   title=\"L'AEW de retour au Royaume-Uni en d\u00e9cembre 2025\"\/>\t\t\t\t\t\t\t\t\t\t\t\t\t\t\t\t\t\t\t\t\t\t<\/p>\n<p>La All Elite Wrestling organisera deux shows t\u00e9l\u00e9vis\u00e9s au Royaume-Uni en d\u00e9cembre 2025.<\/p>\n<p>\t\t\t\t\t\t\t\t\t\t\t\t\t\t\t\t\t\t\t\t\t\t\t\t\t\t\t\t\t\t\t\t\t\t\t\t\tAEW<\/p>\n<p><strong>La All Elite Wrestling sera de retour au Royaume-Uni d\u00e8s le mois de d\u00e9cembre 2025 pour deux shows t\u00e9l\u00e9vis\u00e9s.<\/strong><\/p>\n<p>La promotion de Tony Khan \u00e9tait \u00e0 Londres ce dimanche 24 ao\u00fbt pour le show <a href=\"https:\/\/www.voxcatch.fr\/evenement\/aew-x-njpw-forbidden-door-2025\/\" rel=\"nofollow noopener\" target=\"_blank\">AEW x NJPW Forbidden Door 2025<\/a> qui s\u2019est d\u00e9roul\u00e9 \u00e0 l\u2019O2 Arena. Un pay-per-view qui est alors venu solder un s\u00e9jour au Royaume-Uni \u00e9galement marqu\u00e9 par un \u00e9pisode de AEW Dynamite \u00e0 l\u2019OVO Hydro de Glasgow, en \u00c9cosse, mercredi dernier.<\/p>\n<p>AEW Dynamite et AEW Collision au Royaume-Uni<\/p>\n<p>Or, durant Forbidden Door, la All Elite Wrestling a annonc\u00e9 qu\u2019elle retournerait sur le sol britannique en d\u00e9cembre prochain. Et le Royaume-Uni n\u2019aura pas droit \u00e0 de simples house shows, mais bel et bien \u00e0 des \u00e9v\u00e9nements t\u00e9l\u00e9vis\u00e9s.<\/p>\n<p>En effet, AEW Collision se tiendra \u00e0 l\u2019Utilita Arena de Cardiff, au Pays de Galles, le samedi 13 d\u00e9cembre 2025. Puis, l\u2019\u00e9pisode de AEW Dynamite du mercredi 17 d\u00e9cembre aura lieu au Co-op Live de Manchester, en Angleterre.<\/p>\n<p>Les billets pour les deux shows seront en pr\u00e9vente le 1er septembre, puis en vente g\u00e9n\u00e9rale \u00e0 partir du vendredi 5 septembre sur la plateforme de billetterie officielle de la All Elite Wrestling, AEWTix.<\/p>\n<p><strong>\u00c0 lire aussi :\u00a0<a href=\"https:\/\/www.voxcatch.fr\/2025\/08\/24\/resultats-aew-x-njpw-forbidden-door-2025\/\" rel=\"nofollow noopener\" target=\"_blank\">R\u00e9sultats de AEW x NJPW Forbidden Door 2025<\/a><\/strong><\/p>\n<p>En conf\u00e9rence presse post-Forbidden Door, Tony Khan a par ailleurs pr\u00e9cis\u00e9 que l\u2019\u00e9dition 2025 du tournoi Continental Classic allait en partie se d\u00e9rouler pour la premi\u00e8re fois en dehors des \u00c9tats-Unis. Ainsi, certains matchs de la comp\u00e9tition seront susceptibles d\u2019avoir lieu lors des \u00e9pisodes de Collision \u00e0 Cardiff et de Dynamite \u00e0 Manchester.<\/p>\n<p>\t\t\t\t\t\t\t\t\t\t\t\t\t\t\t\t\t\t\t\t\t\t\t\t\t<img decoding=\"async\" src=\"https:\/\/www.europesays.com\/fr\/wp-content\/uploads\/2025\/06\/voxlogo.png\"\/><\/p>\n","protected":false},"excerpt":{"rendered":"La All Elite Wrestling organisera deux shows t\u00e9l\u00e9vis\u00e9s au Royaume-Uni en d\u00e9cembre 2025. AEW La All Elite Wrestling&hellip;\n","protected":false},"author":2,"featured_media":346543,"comment_status":"","ping_status":"","sticky":false,"template":"","format":"standard","meta":{"footnotes":""},"categories":[1588],"tags":[1111,11521,11,11524,7039,1777,674,1922,12,2054,2052,11522,11523,473,1853,2053,1851,1850,1852,2051],"class_list":{"0":"post-346542","1":"post","2":"type-post","3":"status-publish","4":"format-standard","5":"has-post-thumbnail","7":"category-royaume-uni","8":"tag-actu","9":"tag-actu-catch","10":"tag-actualites","11":"tag-aew","12":"tag-catch","13":"tag-eu","14":"tag-europe","15":"tag-info","16":"tag-news","17":"tag-nxt","18":"tag-raw","19":"tag-resultats-catch","20":"tag-resultats-wwe","21":"tag-royaume-uni","22":"tag-royaume-uni-de-grande-bretagne-et-dirlande-du-nord","23":"tag-smackdown","24":"tag-uk","25":"tag-united-kingdom","26":"tag-united-kingdom-of-great-britain-and-northern-ireland","27":"tag-wwe"},"share_on_mastodon":{"url":"https:\/\/pubeurope.com\/@fr\/115098326462860199","error":""},"_links":{"self":[{"href":"https:\/\/www.europesays.com\/fr\/wp-json\/wp\/v2\/posts\/346542","targetHints":{"allow":["GET"]}}],"collection":[{"href":"https:\/\/www.europesays.com\/fr\/wp-json\/wp\/v2\/posts"}],"about":[{"href":"https:\/\/www.europesays.com\/fr\/wp-json\/wp\/v2\/types\/post"}],"author":[{"embeddable":true,"href":"https:\/\/www.europesays.com\/fr\/wp-json\/wp\/v2\/users\/2"}],"replies":[{"embeddable":true,"href":"https:\/\/www.europesays.com\/fr\/wp-json\/wp\/v2\/comments?post=346542"}],"version-history":[{"count":0,"href":"https:\/\/www.europesays.com\/fr\/wp-json\/wp\/v2\/posts\/346542\/revisions"}],"wp:featuredmedia":[{"embeddable":true,"href":"https:\/\/www.europesays.com\/fr\/wp-json\/wp\/v2\/media\/346543"}],"wp:attachment":[{"href":"https:\/\/www.europesays.com\/fr\/wp-json\/wp\/v2\/media?parent=346542"}],"wp:term":[{"taxonomy":"category","embeddable":true,"href":"https:\/\/www.europesays.com\/fr\/wp-json\/wp\/v2\/categories?post=346542"},{"taxonomy":"post_tag","embeddable":true,"href":"https:\/\/www.europesays.com\/fr\/wp-json\/wp\/v2\/tags?post=346542"}],"curies":[{"name":"wp","href":"https:\/\/api.w.org\/{rel}","templated":true}]}}