{"id":346548,"date":"2025-08-27T02:19:15","date_gmt":"2025-08-27T02:19:15","guid":{"rendered":"https:\/\/www.europesays.com\/fr\/346548\/"},"modified":"2025-08-27T02:19:15","modified_gmt":"2025-08-27T02:19:15","slug":"plus-de-200-diplomates-europeens-appellent-a-des-sanctions-contre-israel","status":"publish","type":"post","link":"https:\/\/www.europesays.com\/fr\/346548\/","title":{"rendered":"Plus De 200 Diplomates Europ\u00e9ens Appellent \u00c0 Des Sanctions Contre Isra\u00ebl"},"content":{"rendered":"<p class=\"\" data-is=\"component-paragraph\">Un collectif in\u00e9dit de 209 anciens ambassadeurs et hauts diplomates europ\u00e9ens a publi\u00e9 ce mardi, dans les colonnes <a data-is=\"component-link\" href=\"https:\/\/www.theguardian.com\/world\/live\/2025\/aug\/26\/israel-gaza-protest-hostage-war-hospital-benjamin-netanyahu-latest-live-news-updates?CMP=Share_iOSApp_Other\" title=\"https:\/\/www.theguardian.com\/world\/live\/2025\/aug\/26\/israel-gaza-protest-hostage-war-hospital-benjamin-netanyahu-latest-live-news-updates?CMP=Share_iOSApp_Other\" target=\"\" class=\"link\" rel=\"nofollow noopener\">du Guardian<\/a>, une lettre ouverte exhortant l\u2019Union europ\u00e9enne \u00e0 agir face \u00e0 la guerre \u00e0 Gaza et aux \u00ab actions ill\u00e9gales \u00bb d\u2019Isra\u00ebl en Jud\u00e9e-Samarie.<\/p>\n<p class=\"\" data-is=\"component-paragraph\">Selon ce texte, l\u2019UE doit prendre des mesures collectives pour d\u00e9fendre les droits humains et le respect du droit international. \u00c0 d\u00e9faut, pr\u00e9cisent les signataires, les \u00c9tats membres doivent agir individuellement ou par petits groupes. Neuf pistes d\u2019action sont propos\u00e9es : suspension des licences d\u2019exportation d\u2019armes vers Isra\u00ebl, interdiction du commerce de biens et services en provenance des implantations, ou encore interdiction pour les centres de donn\u00e9es europ\u00e9ens d\u2019h\u00e9berger ou de traiter des informations issues de sources isra\u00e9liennes li\u00e9es aux localit\u00e9s juives de Jud\u00e9e-Samarie.<\/p>\n<p class=\"\" data-is=\"component-paragraph\">La lettre, qui marque une intensification du d\u00e9bat diplomatique autour du conflit, a \u00e9t\u00e9 sign\u00e9e par 110 ambassadeurs \u00e0 la retraite, 25 anciens directeurs g\u00e9n\u00e9raux et plusieurs figures majeures de l\u2019appareil europ\u00e9en. Parmi elles, Alain Le Roy, ex-secr\u00e9taire g\u00e9n\u00e9ral du Service europ\u00e9en pour l\u2019action ext\u00e9rieure, et Carlo Trojan, ancien secr\u00e9taire g\u00e9n\u00e9ral de la Commission europ\u00e9enne.\u00a0Les signataires estiment qu\u2019une action ferme est indispensable pour pr\u00e9server la cr\u00e9dibilit\u00e9 de l\u2019Union sur la sc\u00e8ne internationale. Leur message est clair : l\u2019inaction collective de Bruxelles ne peut perdurer face \u00e0 une situation qu\u2019ils jugent \u00ab\u00a0contraire au droit international\u00a0\u00bb et porteuse de \u00ab\u00a0graves risques pour la stabilit\u00e9 r\u00e9gionale\u00a0\u00bb.<\/p>\n","protected":false},"excerpt":{"rendered":"Un collectif in\u00e9dit de 209 anciens ambassadeurs et hauts diplomates europ\u00e9ens a publi\u00e9 ce mardi, dans les colonnes&hellip;\n","protected":false},"author":2,"featured_media":346549,"comment_status":"","ping_status":"","sticky":false,"template":"","format":"standard","meta":{"footnotes":""},"categories":[1586],"tags":[11,1777,674,1779,1011,27,12,25,1778,364],"class_list":{"0":"post-346548","1":"post","2":"type-post","3":"status-publish","4":"format-standard","5":"has-post-thumbnail","7":"category-europe","8":"tag-actualites","9":"tag-eu","10":"tag-europe","11":"tag-european-union","12":"tag-fr","13":"tag-france","14":"tag-news","15":"tag-republique-francaise","16":"tag-ue","17":"tag-union-europeenne"},"share_on_mastodon":{"url":"https:\/\/pubeurope.com\/@fr\/115098338296889710","error":""},"_links":{"self":[{"href":"https:\/\/www.europesays.com\/fr\/wp-json\/wp\/v2\/posts\/346548","targetHints":{"allow":["GET"]}}],"collection":[{"href":"https:\/\/www.europesays.com\/fr\/wp-json\/wp\/v2\/posts"}],"about":[{"href":"https:\/\/www.europesays.com\/fr\/wp-json\/wp\/v2\/types\/post"}],"author":[{"embeddable":true,"href":"https:\/\/www.europesays.com\/fr\/wp-json\/wp\/v2\/users\/2"}],"replies":[{"embeddable":true,"href":"https:\/\/www.europesays.com\/fr\/wp-json\/wp\/v2\/comments?post=346548"}],"version-history":[{"count":0,"href":"https:\/\/www.europesays.com\/fr\/wp-json\/wp\/v2\/posts\/346548\/revisions"}],"wp:featuredmedia":[{"embeddable":true,"href":"https:\/\/www.europesays.com\/fr\/wp-json\/wp\/v2\/media\/346549"}],"wp:attachment":[{"href":"https:\/\/www.europesays.com\/fr\/wp-json\/wp\/v2\/media?parent=346548"}],"wp:term":[{"taxonomy":"category","embeddable":true,"href":"https:\/\/www.europesays.com\/fr\/wp-json\/wp\/v2\/categories?post=346548"},{"taxonomy":"post_tag","embeddable":true,"href":"https:\/\/www.europesays.com\/fr\/wp-json\/wp\/v2\/tags?post=346548"}],"curies":[{"name":"wp","href":"https:\/\/api.w.org\/{rel}","templated":true}]}}