{"id":346555,"date":"2025-08-27T02:25:13","date_gmt":"2025-08-27T02:25:13","guid":{"rendered":"https:\/\/www.europesays.com\/fr\/346555\/"},"modified":"2025-08-27T02:25:13","modified_gmt":"2025-08-27T02:25:13","slug":"league-one-brett-ferres-en-route-vers-sa-22eme-saison-professionnelle-rugby-a-xiii","status":"publish","type":"post","link":"https:\/\/www.europesays.com\/fr\/346555\/","title":{"rendered":"League One &#8211; Brett Ferres en route vers sa 22\u00e8me saison professionnelle &#8211; Rugby \u00e0 XIII"},"content":{"rendered":"<p style=\"text-align: justify;\"><strong>L\u2019ancien international anglais Brett Ferres qui \u00e9volue dor\u00e9navant aux Goole Vikings, disputera l\u2019ann\u00e9e prochaine la 22\u00e8me saison professionnelles de sa carri\u00e8re.<\/strong><\/p>\n<p style=\"text-align: justify;\">Arriv\u00e9e cette saison en provenance de Doncaster, le vainqueur de la Super League 2017 avec les Leeds Rhinos, du League Leaders\u2019 Shield en 2013 avec les Huddersfield Giants mais aussi du World Club Challenge en 2006 avec les Bradford Bulls, a d\u00e9cid\u00e9 prolonger l\u2019aventure avec le club des Goole Vikings qui \u00e9volue en League One depuis cette saison.<\/p>\n<p style=\"text-align: justify;\">Ce nouveau club cr\u00e9e en 2018 a \u00e9t\u00e9 promu en League One, apr\u00e8s le retrait en fin de saison 2023 des London Skolars. Entra\u00een\u00e9s par Scott Taylor, les dirigeants Vikings ont r\u00e9ussi \u00e0 convaincre plusieurs anciens joueurs de Super League de porter leurs couleurs, comme Jamie Shaul ou Tom Linheham et bien entendu Brett Ferres.<\/p>\n<p style=\"text-align: justify;\">Le deuxi\u00e8me ligne qui aura 40 ans l\u2019ann\u00e9e prochaine a une tr\u00e8s riche exp\u00e9rience pour avoir \u00e9volu\u00e9 en plus des clubs pr\u00e9c\u00e9demment cit\u00e9s, du c\u00f4t\u00e9 de Wakefield, Castleford et Featherstone. Il est devenu le capitaine de Goole d\u00e8s son arriv\u00e9e au sein de l\u2019effectif.<\/p>\n<p style=\"text-align: justify;\">Son entra\u00eeneur Scott Taylor a d\u00e9clar\u00e9 suite \u00e0 sa prolongation de contrat :<\/p>\n<blockquote>\n<p style=\"text-align: justify;\">Brett est un professionnel hors pair. Son exigence, son exp\u00e9rience et son leadership sont sans \u00e9gal.<\/p>\n<\/blockquote>\n<blockquote class=\"instagram-media\" data-instgrm-captioned=\"\" data-instgrm-permalink=\"https:\/\/www.instagram.com\/p\/DNqjszuy85k\/?utm_source=ig_embed&amp;utm_campaign=loading\" data-instgrm-version=\"14\" style=\" background:#FFF; border:0; border-radius:3px; box-shadow:0 0 1px 0 rgba(0,0,0,0.5),0 1px 10px 0 rgba(0,0,0,0.15); margin: 1px; max-width:500px; min-width:326px; padding:0; width:99.375%; width:-webkit-calc(100% - 2px); width:calc(100% - 2px);\">\n<\/blockquote>\n<p>        <script async src=\"\/\/www.instagram.com\/embed.js\"><\/script><\/p>\n","protected":false},"excerpt":{"rendered":"L\u2019ancien international anglais Brett Ferres qui \u00e9volue dor\u00e9navant aux Goole Vikings, disputera l\u2019ann\u00e9e prochaine la 22\u00e8me saison professionnelles&hellip;\n","protected":false},"author":2,"featured_media":346556,"comment_status":"","ping_status":"","sticky":false,"template":"","format":"standard","meta":{"footnotes":""},"categories":[1416],"tags":[48261,1011,27,48262,479,2228,1468,2229,60],"class_list":{"0":"post-346555","1":"post","2":"type-post","3":"status-publish","4":"format-standard","5":"has-post-thumbnail","7":"category-rugby","8":"tag-brett-ferres","9":"tag-fr","10":"tag-france","11":"tag-goole-vikings","12":"tag-rugby","13":"tag-rugby-a-xiii","14":"tag-rugby-football","15":"tag-rugby-league","16":"tag-sports"},"share_on_mastodon":{"url":"https:\/\/pubeurope.com\/@fr\/115098361749077575","error":""},"_links":{"self":[{"href":"https:\/\/www.europesays.com\/fr\/wp-json\/wp\/v2\/posts\/346555","targetHints":{"allow":["GET"]}}],"collection":[{"href":"https:\/\/www.europesays.com\/fr\/wp-json\/wp\/v2\/posts"}],"about":[{"href":"https:\/\/www.europesays.com\/fr\/wp-json\/wp\/v2\/types\/post"}],"author":[{"embeddable":true,"href":"https:\/\/www.europesays.com\/fr\/wp-json\/wp\/v2\/users\/2"}],"replies":[{"embeddable":true,"href":"https:\/\/www.europesays.com\/fr\/wp-json\/wp\/v2\/comments?post=346555"}],"version-history":[{"count":0,"href":"https:\/\/www.europesays.com\/fr\/wp-json\/wp\/v2\/posts\/346555\/revisions"}],"wp:featuredmedia":[{"embeddable":true,"href":"https:\/\/www.europesays.com\/fr\/wp-json\/wp\/v2\/media\/346556"}],"wp:attachment":[{"href":"https:\/\/www.europesays.com\/fr\/wp-json\/wp\/v2\/media?parent=346555"}],"wp:term":[{"taxonomy":"category","embeddable":true,"href":"https:\/\/www.europesays.com\/fr\/wp-json\/wp\/v2\/categories?post=346555"},{"taxonomy":"post_tag","embeddable":true,"href":"https:\/\/www.europesays.com\/fr\/wp-json\/wp\/v2\/tags?post=346555"}],"curies":[{"name":"wp","href":"https:\/\/api.w.org\/{rel}","templated":true}]}}