{"id":346559,"date":"2025-08-27T02:29:20","date_gmt":"2025-08-27T02:29:20","guid":{"rendered":"https:\/\/www.europesays.com\/fr\/346559\/"},"modified":"2025-08-27T02:29:20","modified_gmt":"2025-08-27T02:29:20","slug":"laveu-qui-fait-mal-de-lecurie-autrichienne-concernant-verstappen","status":"publish","type":"post","link":"https:\/\/www.europesays.com\/fr\/346559\/","title":{"rendered":"l&rsquo;aveu qui fait mal de l&rsquo;\u00e9curie autrichienne concernant Verstappen"},"content":{"rendered":"<p>Et si Max Verstappen partait apr\u00e8s la saison 2026 ? Chez Red Bull, l&rsquo;id\u00e9e d&rsquo;un d\u00e9part du N\u00e9erlandais, quadruple champion du monde en titre, n&rsquo;est plus \u00e0 ignorer et l&rsquo;\u00e9curie autrichienne le sait. Elle a d&rsquo;ailleurs fait un aveu piquant \u00e0 ce sujet. Ainsi, il s&rsquo;av\u00e8re que le N\u00e9erlandais pourrait bien s&rsquo;en aller apr\u00e8s 2026, lui qui a mis fin aux sp\u00e9culations sur son avenir \u00e0 court terme il y a quelques semaines, assurant rester chez Red Bull la saison prochaine. Mais cette future saison sera charni\u00e8re pour Red Bull en vue de conserver Verstappen.<\/p>\n<p>Red Bull sait qu&rsquo;elle peut perdre Verstappen<\/p>\n<p>Malgr\u00e9 un contrat courant jusqu&rsquo;en 2028 pour Verstappen, le Dr Helmut Marko a admis que le champion pourrait encore d\u00e9cider de quitter Red Bull apr\u00e8s 2026. \u00ab\u00a0D\u2019apr\u00e8s ses d\u00e9clarations, il \u00e9tait clair qu\u2019il souhaitait rester, et c\u2019est logique, m\u00eame si la clause de sortie \u00e9tait devenue ex\u00e9cutoire. Personne ne sait \u00e0 quoi ressemblera la situation en 2026. Il y a donc beaucoup d\u2019incertitude, et, de son point de vue, il est bien plus logique de rester, de consid\u00e9rer tout cela, et si nous ne sommes pas comp\u00e9titifs l\u2019ann\u00e9e prochaine, de reconsid\u00e9rer sa d\u00e9cision\u00a0\u00bb, a d\u00e9clar\u00e9 Helmut Marko, dans des propos repris par Motorsport Next Gen. Autant dire que Verstappen pourrait donc bien s&rsquo;en aller apr\u00e8s la saison 2026 et cela serait un gros coup dur pour Red Bull si la situation venait \u00e0 se produire.<\/p>\n<p>    Partagez cette info avec vos amis et vos proches en cliquant ici  <\/p>\n<p> Podcasts \u00e0 la une MEN LIFE <\/p>\n<p>    Pour r\u00e9sumer<\/p>\n<p>Et si Max Verstappen partait apr\u00e8s la saison 2026 ? Chez Red Bull, l&rsquo;id\u00e9e d&rsquo;un d\u00e9part du N\u00e9erlandais, quadruple champion du monde en titre, n&rsquo;est plus \u00e0 ignorer et l&rsquo;\u00e9curie autrichienne le sait.<\/p>\n<p>R\u00e9dacteur<\/p>\n<p><img decoding=\"async\" width=\"76\" height=\"76\" loading=\"lazy\" src=\"https:\/\/www.europesays.com\/fr\/wp-content\/uploads\/2025\/04\/logo-victor-willems.jpg\" alt=\"Victor Willems\"\/><\/p>\n","protected":false},"excerpt":{"rendered":"Et si Max Verstappen partait apr\u00e8s la saison 2026 ? Chez Red Bull, l&rsquo;id\u00e9e d&rsquo;un d\u00e9part du N\u00e9erlandais,&hellip;\n","protected":false},"author":2,"featured_media":346560,"comment_status":"","ping_status":"","sticky":false,"template":"","format":"standard","meta":{"footnotes":""},"categories":[1412],"tags":[1451,1452,1453,1454,1455,1011,27,60],"class_list":{"0":"post-346559","1":"post","2":"type-post","3":"status-publish","4":"format-standard","5":"has-post-thumbnail","7":"category-f1","8":"tag-f1","9":"tag-formula-1","10":"tag-formula1","11":"tag-formule-1","12":"tag-formule1","13":"tag-fr","14":"tag-france","15":"tag-sports"},"share_on_mastodon":{"url":"https:\/\/pubeurope.com\/@fr\/115098377811634154","error":""},"_links":{"self":[{"href":"https:\/\/www.europesays.com\/fr\/wp-json\/wp\/v2\/posts\/346559","targetHints":{"allow":["GET"]}}],"collection":[{"href":"https:\/\/www.europesays.com\/fr\/wp-json\/wp\/v2\/posts"}],"about":[{"href":"https:\/\/www.europesays.com\/fr\/wp-json\/wp\/v2\/types\/post"}],"author":[{"embeddable":true,"href":"https:\/\/www.europesays.com\/fr\/wp-json\/wp\/v2\/users\/2"}],"replies":[{"embeddable":true,"href":"https:\/\/www.europesays.com\/fr\/wp-json\/wp\/v2\/comments?post=346559"}],"version-history":[{"count":0,"href":"https:\/\/www.europesays.com\/fr\/wp-json\/wp\/v2\/posts\/346559\/revisions"}],"wp:featuredmedia":[{"embeddable":true,"href":"https:\/\/www.europesays.com\/fr\/wp-json\/wp\/v2\/media\/346560"}],"wp:attachment":[{"href":"https:\/\/www.europesays.com\/fr\/wp-json\/wp\/v2\/media?parent=346559"}],"wp:term":[{"taxonomy":"category","embeddable":true,"href":"https:\/\/www.europesays.com\/fr\/wp-json\/wp\/v2\/categories?post=346559"},{"taxonomy":"post_tag","embeddable":true,"href":"https:\/\/www.europesays.com\/fr\/wp-json\/wp\/v2\/tags?post=346559"}],"curies":[{"name":"wp","href":"https:\/\/api.w.org\/{rel}","templated":true}]}}