{"id":346561,"date":"2025-08-27T02:30:11","date_gmt":"2025-08-27T02:30:11","guid":{"rendered":"https:\/\/www.europesays.com\/fr\/346561\/"},"modified":"2025-08-27T02:30:11","modified_gmt":"2025-08-27T02:30:11","slug":"tour-poitou-charentes-26-aout-2025-e1-classement-velopressecollection","status":"publish","type":"post","link":"https:\/\/www.europesays.com\/fr\/346561\/","title":{"rendered":"Tour Poitou Charentes 26 ao\u00fbt 2025 E1 classement &#8211; Velopressecollection"},"content":{"rendered":"<ol>\n<li><a href=\"https:\/\/news.google.com\/rss\/articles\/CBMivwFBVV95cUxPV3pqdzI1ZkZRN2g0TnVsb0sxczg3cnFlV0FEOUhSZkpFbjlrQm9YWmxORG9RaE54N1k4YTFjZ1l5YmVlMnBHOE1tMXZsUXkwa0lNUzRsNlNiU210S2daYWtwRlRDc0o5ckUzVEVfUzNVWko1cXktTXVWNU9uNDUyc3RURGU4QlVxX1NFWmJOQmpqNDc5VmFOV0dyVEpkZWJhVTB1X1BVN2s0Nl9ZTzk4VXZjbTdNLTkyZEQzb0VLWQ?oc=5\" target=\"_blank\" rel=\"nofollow noopener\">Tour Poitou Charentes 26 ao\u00fbt 2025 E1 classement<\/a>&nbsp;&nbsp;Velopressecollection<\/li>\n<li><a href=\"https:\/\/news.google.com\/rss\/articles\/CBMi7wFBVV95cUxNYUVtckJMcUtxeVl1MElWMmhySlhaMEtzbjhoSFRCS1daVGtlREpmSDFqNHJWWHNYeVZ1YUFlcXpMaF9tZG9zcnRwdWNHaUtzdFRQMmpEc0JuTTdoeWVKT05HYlJiMEctYVpoMnhPOF9fX29raHphMVBxNy1Ed3lzS3hZV0luUTk0TUVwLUtUZ24yT3hmUVBqVDE1c3VOYnRNdUxqTWVQQ0cxWEZwZkZ5NHh6S0JlUlRNWW1QRzlpZmRId1gwQ29lWExCU3YzZzlmajM4bzhfTENFZllGQUMwZG5SeHlXQ1dvQWxtWWNZTQ?oc=5\" target=\"_blank\" rel=\"nofollow noopener\">Jason Tesson domine Arnaud D\u00e9mare au sprint lors de la premi\u00e8re \u00e9tape du Tour du Poitou Charentes<\/a>&nbsp;&nbsp;L&rsquo;\u00c9quipe<\/li>\n<li><a href=\"https:\/\/news.google.com\/rss\/articles\/CBMimwFBVV95cUxPZ3REeTJqX3BoOTVwQ0N2cXVaRExlM3lYbHlhNEZrRFZUSmw2Y1NfQ1FPTFAzTVAtdDlqcE5fYzU1SFVPdmc5NkNLQlJ4dzZXaURXT01KSi01Vko5WDlCcUxmdUpVekM3MUNLQWxfRzJ4aDRSWW02NkJxU0F1VkRvZElOWWNDMHJiRklEM3RMeXRMQlkwNmRtN0Rxaw?oc=5\" target=\"_blank\" rel=\"nofollow noopener\">Une \u00e9chapp\u00e9e prolifique pour Lewis Bower<\/a>&nbsp;&nbsp;\u00c9quipe Cycliste Groupama-FDJ<\/li>\n<li><a href=\"https:\/\/news.google.com\/rss\/articles\/CBMimgJBVV95cUxPaUF1WEg4OHUtSVAza3dnM1ZSMGlaaGlydWttWFdxVmV1YmJkUVdfNzJLakItRlVrTDFxZlVEVEw3RWY2Qkh2VmhFOXlReGY5S2hNMkJXbFVENHM5TC1fN0EtVHc0emxoQjBXc2FLUkFicXhjV1VaeEV1cEhaRGdjNlhuaXhVc21PSzV1UDVSb0NMY29wbDVFeldrV3Y3emZLQzc3MHNpTGFDU09sSnIxZzZPeEN1YTI3UmpKaEdtRjMweDExUFYtODlkeHU3X0NhbkZVdzZtUHZWNU0tM0UtVGlqMW04SDFEcFdXWFZxbFBqRnJNQ24zRjhMR3FvOUV3MjFmWnQzX21ZU1ZzMnN0UWhGWTBzWkNuR2c?oc=5\" target=\"_blank\" rel=\"nofollow noopener\">\u00ab J\u2019ai sprint\u00e9 avec la peur de ne pas gagner \u00bb : la photofinish emp\u00eache Arnaud D\u00e9mare (Ark\u00e9a-B &amp; B Hotels) d\u2019accrocher sa 98e victoire en carri\u00e8re<\/a>&nbsp;&nbsp;Le T\u00e9l\u00e9gramme<\/li>\n<li><a href=\"https:\/\/news.google.com\/rss\/articles\/CBMi3wFBVV95cUxOWko5VnAwTjYxNlFvUENSS3JoSWJZelhJWXhpNjdBRVVhLVV5M19iU3djdHl5ajhEazRBRzdFMlRnRUpEUjhxWWJRZTQxT3FfbDZmMWs4Q3JlYlF5SF9PT3ZqbElKUzBvNnB1LXJ3SzQ4Q2NPZUZ5d0lqbGktQkswNWpReXFiRExCc2NtY2dVbTJPZW9KbExxR0IzTTRLUk1fajIxUHJrR0tIRENWYzI2Nzk3d21hWnE0MFpPWlozeWY4SHF6aGlfOHJyb0pCX0N1Zkd3STJ2YXVGVmNEYkdv?oc=5\" target=\"_blank\" rel=\"nofollow noopener\">Chauvigny : le Tour Poitou-Charentes cycliste, c\u2019est une f\u00eate mais aussi des contraintes<\/a>&nbsp;&nbsp;lanouvellerepublique.fr<\/li>\n<\/ol>\n","protected":false},"excerpt":{"rendered":"Tour Poitou Charentes 26 ao\u00fbt 2025 E1 classement&nbsp;&nbsp;Velopressecollection Jason Tesson domine Arnaud D\u00e9mare au sprint lors de la&hellip;\n","protected":false},"author":2,"featured_media":346562,"comment_status":"","ping_status":"","sticky":false,"template":"","format":"standard","meta":{"footnotes":""},"categories":[1411],"tags":[1154,207,1011,27,60],"class_list":{"0":"post-346561","1":"post","2":"type-post","3":"status-publish","4":"format-standard","5":"has-post-thumbnail","7":"category-cyclisme","8":"tag-cycling","9":"tag-cyclisme","10":"tag-fr","11":"tag-france","12":"tag-sports"},"share_on_mastodon":{"url":"https:\/\/pubeurope.com\/@fr\/115098381407880100","error":""},"_links":{"self":[{"href":"https:\/\/www.europesays.com\/fr\/wp-json\/wp\/v2\/posts\/346561","targetHints":{"allow":["GET"]}}],"collection":[{"href":"https:\/\/www.europesays.com\/fr\/wp-json\/wp\/v2\/posts"}],"about":[{"href":"https:\/\/www.europesays.com\/fr\/wp-json\/wp\/v2\/types\/post"}],"author":[{"embeddable":true,"href":"https:\/\/www.europesays.com\/fr\/wp-json\/wp\/v2\/users\/2"}],"replies":[{"embeddable":true,"href":"https:\/\/www.europesays.com\/fr\/wp-json\/wp\/v2\/comments?post=346561"}],"version-history":[{"count":0,"href":"https:\/\/www.europesays.com\/fr\/wp-json\/wp\/v2\/posts\/346561\/revisions"}],"wp:featuredmedia":[{"embeddable":true,"href":"https:\/\/www.europesays.com\/fr\/wp-json\/wp\/v2\/media\/346562"}],"wp:attachment":[{"href":"https:\/\/www.europesays.com\/fr\/wp-json\/wp\/v2\/media?parent=346561"}],"wp:term":[{"taxonomy":"category","embeddable":true,"href":"https:\/\/www.europesays.com\/fr\/wp-json\/wp\/v2\/categories?post=346561"},{"taxonomy":"post_tag","embeddable":true,"href":"https:\/\/www.europesays.com\/fr\/wp-json\/wp\/v2\/tags?post=346561"}],"curies":[{"name":"wp","href":"https:\/\/api.w.org\/{rel}","templated":true}]}}