{"id":346567,"date":"2025-08-27T02:33:13","date_gmt":"2025-08-27T02:33:13","guid":{"rendered":"https:\/\/www.europesays.com\/fr\/346567\/"},"modified":"2025-08-27T02:33:13","modified_gmt":"2025-08-27T02:33:13","slug":"le-cafe-le-plus-etroit-du-monde-est-une-veritable-prouesse-architecturale","status":"publish","type":"post","link":"https:\/\/www.europesays.com\/fr\/346567\/","title":{"rendered":"Le caf\u00e9 le plus \u00e9troit du monde est une v\u00e9ritable prouesse architecturale"},"content":{"rendered":"<p>Pour la structure m\u00eame, le cabinet a choisi une <a href=\"https:\/\/www.admagazine.fr\/article\/projets-spectaculaires-architecture-dome\" target=\"_blank\" rel=\"noopener\">ossature en acier<\/a> aussi l\u00e9g\u00e8re que pr\u00e9cise pour effectuer un montage rapide. Le verre \u00e0 triple vitrage de la fa\u00e7ade domine l\u2019ext\u00e9rieur, \u00ab maximisant la transparence et cr\u00e9ant un effet prismatique \u00bb tout en brouillant le contraste entre dedans et dehors, alors que l\u2019int\u00e9rieur est rev\u00eatu d\u2019un bois clair dont la couleur adoucit l\u2019espace en cr\u00e9ant un \u00ab contraste chaleureux et monastique \u00bb. Certaines parties importantes de la structure ont \u00e9t\u00e9 pr\u00e9fabriqu\u00e9es hors site, ce qui allait garantir un assemblage rapide une fois sur place avec un minimum de perturbations, et une r\u00e9duction des d\u00e9chets issus de la construction dans un environnement urbain exigu. Selon Vinklu, \u00ab la conception de la chapelle est un exemple magistral d&rsquo;\u00e9conomie de forme et d&rsquo;impact \u00e9motionnel dans des dimensions minimales \u00bb. La forme triangulaire effil\u00e9e du toit permet de maximiser le volume int\u00e9rieur, tout en cr\u00e9ant une impression de hauteur qui contraste avec la base \u00e9troite du local. La nuit, \u00ab The Chapel \u00bb se transforme en <a href=\"https:\/\/www.admagazine.fr\/article\/luminaires-tendances-styles-incontournables\" target=\"_blank\" rel=\"noopener\">lanterne<\/a> dont la lumi\u00e8re \u00e9claire les environs comme un phare chaleureux dans un espace intime propice aux interactions sociales et \u00e0 la d\u00e9tente.<\/p>\n<p>Instagram content<\/p>\n<p>This content can also be viewed on the site it <a href=\"https:\/\/www.instagram.com\/p\/DNi0rz5O1Cv\" target=\"_blank\" rel=\"nofollow noreferrer noopener\" aria-label=\"Opens in a new window\" class=\"BaseWrap-sc-gzmcOU BaseText-eqOrNE BaseLink-eTpkqh ConsentBannerLink-dEGWLe deqABF gXpaXd hYYsGu\">originates<\/a> from.<\/p>\n<p>L\u2019architecture pour rendre vie aux espaces perdus<\/p>\n<p>\u00ab C&rsquo;est une intervention \u00e9crin, un phare de lumi\u00e8re et de vie, transformant un espace n\u00e9glig\u00e9 en un espace vibrant et sacr\u00e9 propice aux \u00e9changes humains et \u00e0 la contemplation. C&rsquo;est une puissante illustration de la fa\u00e7on dont la pr\u00e9cision et la vision peuvent susciter de nouveaux r\u00e9cits au sein des tissus urbains les plus anciens. \u00bb<\/p>\n<p>Le cabinet d\u2019architectes Vinklu<\/p>\n<p>En d\u00e9finitive, \u00ab The Chapel \u00bb semble \u00eatre con\u00e7u comme un t\u00e9moignage lumineux de l&rsquo;architecture de pr\u00e9cision du cabinet Vinklu. \u00ab C&rsquo;est une d\u00e9claration audacieuse sur l&rsquo;ing\u00e9niosit\u00e9 urbaine, la beaut\u00e9 de l&rsquo;intime et la capacit\u00e9 transformatrice du design \u00e0 lib\u00e9rer le potentiel cach\u00e9 de nos villes \u00bb. \u00c0 terme, le projet viendra offrir une vision novatrice et convaincante d\u2019un nouveau mod\u00e8le d\u2019urbanisme europ\u00e9en, capable de montrer comment des interventions \u00e0 petite \u00e9chelle peuvent avoir un impact consid\u00e9rable, tant sur les espaces n\u00e9glig\u00e9s, que sur leur transformation en <a href=\"https:\/\/www.admagazine.fr\/galerie\/sanctuaire-ecologique-amber-valletta-los-angeles\" target=\"_blank\" rel=\"noopener\">sanctuaires<\/a> pr\u00e9cieux, model\u00e9s par un savant assemblage de lumi\u00e8re, forme, et fonctionnalit\u00e9.<\/p>\n<p>Les arbres qui entourent l&rsquo;espace de \u00ab The Chapel \u00bb cr\u00e9ent un dialogue entre l&rsquo;architecture et la nature pour faire de \u00ab The Chapel \u00bb un sanctuaire de d\u00e9tente au milieu du fourmillement de la vie urbaine.<\/p>\n<p>\u00a9 Courtesy of Vinklu<script async src=\"\/\/www.instagram.com\/embed.js\"><\/script><\/p>\n","protected":false},"excerpt":{"rendered":"Pour la structure m\u00eame, le cabinet a choisi une ossature en acier aussi l\u00e9g\u00e8re que pr\u00e9cise pour effectuer&hellip;\n","protected":false},"author":2,"featured_media":346568,"comment_status":"","ping_status":"","sticky":false,"template":"","format":"standard","meta":{"footnotes":""},"categories":[1358],"tags":[13382,19035,1348,1384,1385,1386,58,59,1011,27],"class_list":{"0":"post-346567","1":"post","2":"type-post","3":"status-publish","4":"format-standard","5":"has-post-thumbnail","7":"category-arts-et-design","8":"tag-architecture-et-nature","9":"tag-architecture-spectaculaire","10":"tag-arts","11":"tag-arts-and-design","12":"tag-arts-et-design","13":"tag-design","14":"tag-divertissement","15":"tag-entertainment","16":"tag-fr","17":"tag-france"},"share_on_mastodon":{"url":"https:\/\/pubeurope.com\/@fr\/115098393221519921","error":""},"_links":{"self":[{"href":"https:\/\/www.europesays.com\/fr\/wp-json\/wp\/v2\/posts\/346567","targetHints":{"allow":["GET"]}}],"collection":[{"href":"https:\/\/www.europesays.com\/fr\/wp-json\/wp\/v2\/posts"}],"about":[{"href":"https:\/\/www.europesays.com\/fr\/wp-json\/wp\/v2\/types\/post"}],"author":[{"embeddable":true,"href":"https:\/\/www.europesays.com\/fr\/wp-json\/wp\/v2\/users\/2"}],"replies":[{"embeddable":true,"href":"https:\/\/www.europesays.com\/fr\/wp-json\/wp\/v2\/comments?post=346567"}],"version-history":[{"count":0,"href":"https:\/\/www.europesays.com\/fr\/wp-json\/wp\/v2\/posts\/346567\/revisions"}],"wp:featuredmedia":[{"embeddable":true,"href":"https:\/\/www.europesays.com\/fr\/wp-json\/wp\/v2\/media\/346568"}],"wp:attachment":[{"href":"https:\/\/www.europesays.com\/fr\/wp-json\/wp\/v2\/media?parent=346567"}],"wp:term":[{"taxonomy":"category","embeddable":true,"href":"https:\/\/www.europesays.com\/fr\/wp-json\/wp\/v2\/categories?post=346567"},{"taxonomy":"post_tag","embeddable":true,"href":"https:\/\/www.europesays.com\/fr\/wp-json\/wp\/v2\/tags?post=346567"}],"curies":[{"name":"wp","href":"https:\/\/api.w.org\/{rel}","templated":true}]}}