{"id":346581,"date":"2025-08-27T02:40:14","date_gmt":"2025-08-27T02:40:14","guid":{"rendered":"https:\/\/www.europesays.com\/fr\/346581\/"},"modified":"2025-08-27T02:40:14","modified_gmt":"2025-08-27T02:40:14","slug":"lactrice-espagnole-est-decedee-a-lage-de-42-ans","status":"publish","type":"post","link":"https:\/\/www.europesays.com\/fr\/346581\/","title":{"rendered":"l&rsquo;actrice espagnole est d\u00e9c\u00e9d\u00e9e \u00e0 l&rsquo;\u00e2ge de 42 ans"},"content":{"rendered":"<p>Elle s&rsquo;est \u00e9teinte \u00e0 42 ans. L&rsquo;actrice madril\u00e8ne Ver\u00f3nica Echegui est morte ce dimanche \u00e0 l&rsquo;\u00e2ge de 42 ans des suites d&rsquo;une longue maladie \u00e0 Madrid, selon les informations d&rsquo;<a href=\"https:\/\/www.elmundo.es\/cultura\/cine\/2025\/08\/25\/68ac3b13fc6c8378088b457d.html\" target=\"_blank\" rel=\"nofollow noopener\">El Mundo <\/a>et <a href=\"https:\/\/elpais.com\/cultura\/2025-08-25\/muere-la-actriz-veronica-echegui-presencia-ineludible-del-cine-espanol-de-las-ultimas-decadas.html\" target=\"_blank\" rel=\"nofollow noopener\">El Pais<\/a>.\u00a0<\/p>\n<p>Atteinte d&rsquo;un cancer<\/p>\n<p>La quadrag\u00e9naire avait \u00e9t\u00e9 hospitalis\u00e9e ces derniers jours, selon nos confr\u00e8res. Ses fun\u00e9railles ont eu lieu ce lundi matin.\u00a0L&rsquo;annonce de sa mort a suscit\u00e9 une vive \u00e9motion en Espagne, o\u00f9 certaines personnalit\u00e9s, dont l&rsquo;acteur Antonio Banderas, ont post\u00e9 de nombreux hommages sur les r\u00e9seaux sociaux.<\/p>\n<p>Ver\u00f3nica Fern\u00e1ndez de Echegaray, de son vrai nom, s&rsquo;est fait conna\u00eetre en 2006 gr\u00e2ce au drame Yo soy la Juani de Bigas Luna, un cin\u00e9aste qui a \u00e9galement d\u00e9couvert Penelope Cruz et Javier Bardem, rappelle <a href=\"https:\/\/www.leparisien.fr\/culture-loisirs\/cinema\/un-talent-essentiel-du-cinema-espagnol-mort-a-42-ans-de-lactrice-veronica-echegui-victime-dun-cancer-26-08-2025-ZM72LDPMUVDDJFJ2JMGY6XWEWU.php\" target=\"_blank\" rel=\"nofollow noopener\">Le Parisien<\/a>. Son r\u00f4le lui a permis d&rsquo;\u00eatre nomm\u00e9e aux Goya (l&rsquo;\u00e9quivalent des C\u00e9sar en Espagne) dans la cat\u00e9gorie du meilleur espoir f\u00e9minin, d\u00e9taille <a href=\"https:\/\/www.bfmtv.com\/people\/cinema\/l-actrice-espagnole-veronica-echegui-meurt-a-42-ans_AN-202508260543.html\" target=\"_blank\" rel=\"nofollow noopener\">BFMTV<\/a>.<\/p>\n<p>En 2022, elle \u00e9tait apparue dans la s\u00e9rie Intimidad sur Netflix et s&rsquo;\u00e9tait essay\u00e9e \u00e0 la r\u00e9alisation avec T\u00f3tem Loba, couronn\u00e9 du Goya du meilleur court m\u00e9trage de fiction. Elle \u00e9tait mari\u00e9e \u00e0 l&rsquo;acteur \u00c1lex Garc\u00eda, rencontr\u00e9 en 2010 sur le tournage de Six Points About Emma.<\/p>\n","protected":false},"excerpt":{"rendered":"Elle s&rsquo;est \u00e9teinte \u00e0 42 ans. L&rsquo;actrice madril\u00e8ne Ver\u00f3nica Echegui est morte ce dimanche \u00e0 l&rsquo;\u00e2ge de 42&hellip;\n","protected":false},"author":2,"featured_media":346582,"comment_status":"","ping_status":"","sticky":false,"template":"","format":"standard","meta":{"footnotes":""},"categories":[8],"tags":[17,1102,251,38444,58,48264,59,34274,932,1011,27,14164,18,48263],"class_list":{"0":"post-346581","1":"post","2":"type-post","3":"status-publish","4":"format-standard","5":"has-post-thumbnail","7":"category-divertissement","8":"tag-17","9":"tag-breakingnews","10":"tag-culture","11":"tag-decedee","12":"tag-divertissement","13":"tag-echegui","14":"tag-entertainment","15":"tag-espagnole","16":"tag-est","17":"tag-fr","18":"tag-france","19":"tag-lactrice","20":"tag-mort","21":"tag-veronica"},"share_on_mastodon":{"url":"https:\/\/pubeurope.com\/@fr\/115098421010178721","error":""},"_links":{"self":[{"href":"https:\/\/www.europesays.com\/fr\/wp-json\/wp\/v2\/posts\/346581","targetHints":{"allow":["GET"]}}],"collection":[{"href":"https:\/\/www.europesays.com\/fr\/wp-json\/wp\/v2\/posts"}],"about":[{"href":"https:\/\/www.europesays.com\/fr\/wp-json\/wp\/v2\/types\/post"}],"author":[{"embeddable":true,"href":"https:\/\/www.europesays.com\/fr\/wp-json\/wp\/v2\/users\/2"}],"replies":[{"embeddable":true,"href":"https:\/\/www.europesays.com\/fr\/wp-json\/wp\/v2\/comments?post=346581"}],"version-history":[{"count":0,"href":"https:\/\/www.europesays.com\/fr\/wp-json\/wp\/v2\/posts\/346581\/revisions"}],"wp:featuredmedia":[{"embeddable":true,"href":"https:\/\/www.europesays.com\/fr\/wp-json\/wp\/v2\/media\/346582"}],"wp:attachment":[{"href":"https:\/\/www.europesays.com\/fr\/wp-json\/wp\/v2\/media?parent=346581"}],"wp:term":[{"taxonomy":"category","embeddable":true,"href":"https:\/\/www.europesays.com\/fr\/wp-json\/wp\/v2\/categories?post=346581"},{"taxonomy":"post_tag","embeddable":true,"href":"https:\/\/www.europesays.com\/fr\/wp-json\/wp\/v2\/tags?post=346581"}],"curies":[{"name":"wp","href":"https:\/\/api.w.org\/{rel}","templated":true}]}}