{"id":346585,"date":"2025-08-27T02:42:11","date_gmt":"2025-08-27T02:42:11","guid":{"rendered":"https:\/\/www.europesays.com\/fr\/346585\/"},"modified":"2025-08-27T02:42:11","modified_gmt":"2025-08-27T02:42:11","slug":"fabien-namias-repond-aux-critiques-des-telespectateurs-de-bfmtv-sur-le-bandeau","status":"publish","type":"post","link":"https:\/\/www.europesays.com\/fr\/346585\/","title":{"rendered":"Fabien Namias r\u00e9pond aux critiques des t\u00e9l\u00e9spectateurs de BFMTV sur le bandeau"},"content":{"rendered":"<p>    Fabien Namias, le 26 ao\u00fbt 2025, lors de la conf\u00e9rence de rentr\u00e9e de BFMTV, \u00e0 Paris.<br \/>\n                Capture d&rsquo;\u00e9cran \/ BFMTV<\/p>\n<p>Lundi, la cha\u00eene d\u2019informations en continu a d\u00e9voil\u00e9 un nouvel habillage dont le bandeau a interpell\u00e9 plus d\u2019un t\u00e9l\u00e9spectateur sur les r\u00e9seaux sociaux. Le directeur g\u00e9n\u00e9ral r\u00e9agit.<\/p>\n<p class=\"fig-paragraph\">\u00abLe z\u00e9ro d\u00e9faut n\u2019est pas de ce monde, on le saurait\u00bb. Lors de la conf\u00e9rence de rentr\u00e9e de <strong>BFMTV<\/strong> organis\u00e9e \u00e0 Paris, dans les locaux de la cha\u00eene d\u2019informations en continu ce mardi apr\u00e8s-midi,\u00a0<a href=\"http:\/\/tvmag.lefigaro.fr\/programme-tv\/actu-tele\/ca-ne-va-pas-faciliter-les-choses-pourquoi-l-arrivee-de-fabien-namias-a-la-direction-de-bfmtv-a-la-place-de-marc-olivier-fogiel-est-retardee-20240829\" target=\"_blank\" data-fig-type=\"Article\" rel=\"noopener\" data-gtm-custom-categorie=\"navigation\" data-gtm-custom-action=\"crossclick\" data-gtm-custom-label=\"Contextuel\" data-gtm-event=\"customEventSPE\" data-fig-domain=\"TVMAG\"><strong>Fabien Namias<\/strong><\/a>, directeur g\u00e9n\u00e9ral, a \u00e9t\u00e9 interrog\u00e9 sur le nouvel habillage du canal 13 d\u00e9voil\u00e9 la veille.<\/p>\n<p class=\"fig-paragraph\">Plus \u00e9pur\u00e9 et moderne, il a conquis le public et les professionnels. Un seul b\u00e9mol a n\u00e9anmoins \u00e9t\u00e9 relev\u00e9, du c\u00f4t\u00e9 du bandeau, dont la police de caract\u00e8res a \u00e9t\u00e9 jug\u00e9e trop petite par certains t\u00e9l\u00e9spectateurs qui se sont exprim\u00e9s sur les r\u00e9seaux sociaux. Le patron a conc\u00e9d\u00e9 une \u00abpetite erreur\u00bb et s\u2019en est expliqu\u00e9.<\/p>\n<p class=\"fig-body-link\">\n            \u00c0 lire aussi<br \/>\n        <a class=\"fig-body-link__link\" href=\"http:\/\/tvmag.lefigaro.fr\/programme-tv\/actu-tele\/vous-voulez-que-je-devienne-aveugle-les-internautes-interloques-par-le-nouveau-bandeau-de-bfmtv-20250826\" target=\"_blank\" data-fig-type=\"Article\" rel=\"noopener\" data-gtm-custom-categorie=\"navigation\" data-gtm-custom-action=\"crossclick\" data-gtm-custom-label=\"Contextuel\" data-gtm-event=\"customEventSPE\" data-fig-domain=\"TVMAG\">\u00abVous voulez que je devienne aveugle\u00a0?\u00bb\u00a0:\u00a0les internautes interloqu\u00e9s par le nouveau bandeau de BFMTV<br \/>\n    <\/a>\n<\/p>\n<p>                                    <a class=\"fig-a11y-skip a11y-hidden\" href=\"#fig-a11y-skip-main-inarticle\"><br \/>\n        Passer la publicit\u00e9<br \/>\n    <\/a><\/p>\n<p class=\"fig-paragraph\">\u00abMerci pour votre question qui va permettre de rassurer les t\u00e9l\u00e9spectateurs qui s\u2019inqui\u00e9teraient\u00bb, a d\u00e9but\u00e9 Fabien Namias avant de d\u00e9crire les imp\u00e9ratifs techniques qui ont conduit la cha\u00eene \u00e0 choisir cette police de caract\u00e8res. \u00abSur le bandeau o\u00f9 les informations d\u00e9filent en bas de l\u2019\u00e9cran, ce qu\u2019on appelle dans notre jargon le \u201cscroll\u201d, nous devons parfois indiquer les mots \u201calerte\u201d ou \u201curgent\u201d. Or, un probl\u00e8me de typographie nous oblige \u00e0 resserrer les mots pour faire passer tous les caract\u00e8res, d\u00e9crit-il pr\u00e9cis\u00e9ment.<\/p>\n<blockquote class=\"fig-quote&#10;    \">\n<p class=\"fig-quote__text\">\u00ab Ce n\u2019est pas la peine d\u2019aller chez l\u2019ophtalmo\u00a0!\u00a0\u00bb<\/p>\n<p>            Fabien Namias lors de la conf\u00e9rence de presse de rentr\u00e9e de BFMTV le 26 ao\u00fbt 2025\n    <\/p><\/blockquote>\n<p class=\"fig-paragraph\">Les remarques des t\u00e9l\u00e9spectateurs ont \u00e9t\u00e9 entendues puisque ce d\u00e9tail sera ajust\u00e9 ce mardi soir ou d\u00e8s mercredi matin. \u00abOn l\u2019a constat\u00e9 nous aussi hier \u00e0 l\u2019antenne, c\u2019est le seul petit d\u00e9faut qui sera corrig\u00e9 dans les 12 ou 24 heures maximum\u00bb, promet l\u2019ancien boss de LCI et Europe 1 avant de plaisanter\u00a0: \u00abCe n\u2019est pas la peine d\u2019aller chez l\u2019ophtalmo, tout va bien\u00a0! \u00c7a favorisera peut-\u00eatre la dur\u00e9e d\u2019\u00e9coute, tant mieux pour nous\u00a0!\u00bb. Et de conclure sur une note positive\u00a0: \u00abLe reste fonctionne \u00e0 merveille et c\u2019est l\u2019essentiel\u00bb, se r\u00e9jouit-il encore.<\/p>\n<p class=\"fig-paragraph\">En pr\u00e9ambule de cette conf\u00e9rence de presse,\u00a0<a href=\"https:\/\/www.lefigaro.fr\/medias\/jean-philippe-baille-l-ambition-de-franceinfo-est-de-proposer-une-information-apaisee-20230824\" target=\"_blank\" data-fig-type=\"Article\" rel=\"noopener\" data-gtm-custom-categorie=\"navigation\" data-gtm-custom-action=\"crossclick\" data-gtm-custom-label=\"Contextuel\" data-gtm-event=\"customEventSPE\" data-fig-domain=\"LEFIGARO\">Jean-Philippe Baille<\/a>, directeur de l\u2019information du groupe RMC-BFM, avait en effet pr\u00e9sent\u00e9 ce nouvel habillage \u00abqui permet d\u2019apporter plus de clart\u00e9 et de simplicit\u00e9\u00bb.<\/p>\n","protected":false},"excerpt":{"rendered":"Fabien Namias, le 26 ao\u00fbt 2025, lors de la conf\u00e9rence de rentr\u00e9e de BFMTV, \u00e0 Paris. Capture d&rsquo;\u00e9cran&hellip;\n","protected":false},"author":2,"featured_media":346586,"comment_status":"","ping_status":"","sticky":false,"template":"","format":"standard","meta":{"footnotes":""},"categories":[6],"tags":[10831,35,33,34,48266,1011,27],"class_list":{"0":"post-346585","1":"post","2":"type-post","3":"status-publish","4":"format-standard","5":"has-post-thumbnail","7":"category-economie","8":"tag-bfmtv","9":"tag-business","10":"tag-economie","11":"tag-economy","12":"tag-fabien-namias","13":"tag-fr","14":"tag-france"},"share_on_mastodon":{"url":"https:\/\/pubeurope.com\/@fr\/115098428688408292","error":""},"_links":{"self":[{"href":"https:\/\/www.europesays.com\/fr\/wp-json\/wp\/v2\/posts\/346585","targetHints":{"allow":["GET"]}}],"collection":[{"href":"https:\/\/www.europesays.com\/fr\/wp-json\/wp\/v2\/posts"}],"about":[{"href":"https:\/\/www.europesays.com\/fr\/wp-json\/wp\/v2\/types\/post"}],"author":[{"embeddable":true,"href":"https:\/\/www.europesays.com\/fr\/wp-json\/wp\/v2\/users\/2"}],"replies":[{"embeddable":true,"href":"https:\/\/www.europesays.com\/fr\/wp-json\/wp\/v2\/comments?post=346585"}],"version-history":[{"count":0,"href":"https:\/\/www.europesays.com\/fr\/wp-json\/wp\/v2\/posts\/346585\/revisions"}],"wp:featuredmedia":[{"embeddable":true,"href":"https:\/\/www.europesays.com\/fr\/wp-json\/wp\/v2\/media\/346586"}],"wp:attachment":[{"href":"https:\/\/www.europesays.com\/fr\/wp-json\/wp\/v2\/media?parent=346585"}],"wp:term":[{"taxonomy":"category","embeddable":true,"href":"https:\/\/www.europesays.com\/fr\/wp-json\/wp\/v2\/categories?post=346585"},{"taxonomy":"post_tag","embeddable":true,"href":"https:\/\/www.europesays.com\/fr\/wp-json\/wp\/v2\/tags?post=346585"}],"curies":[{"name":"wp","href":"https:\/\/api.w.org\/{rel}","templated":true}]}}