{"id":346587,"date":"2025-08-27T02:43:10","date_gmt":"2025-08-27T02:43:10","guid":{"rendered":"https:\/\/www.europesays.com\/fr\/346587\/"},"modified":"2025-08-27T02:43:10","modified_gmt":"2025-08-27T02:43:10","slug":"jair-bolsonaro-place-sous-surveillance-policiere-renforcee-au-bresil-avant-son-proces","status":"publish","type":"post","link":"https:\/\/www.europesays.com\/fr\/346587\/","title":{"rendered":"Jair Bolsonaro plac\u00e9 sous surveillance polici\u00e8re renforc\u00e9e au Br\u00e9sil avant son proc\u00e8s"},"content":{"rendered":"<p>                          <img loading=\"lazy\" decoding=\"async\" src=\"https:\/\/www.europesays.com\/fr\/wp-content\/uploads\/2025\/08\/761c815_ftp-import-images-1-y9qnl0nxmdzu-2025-08-14t191149z-1008709040-rc247gaekntq-rtrmadp-3-usa-tr.jpeg\" alt=\"L\u2019ancien pr\u00e9sident br\u00e9silien, Jair Bolsonaro, \u00e0 son domicile, \u00e0 Brasilia, le 14\u00a0ao\u00fbt\u00a02025, alors qu\u2019il est assign\u00e9 \u00e0 r\u00e9sidence.\"   width=\"664\" height=\"443\"\/>    L\u2019ancien pr\u00e9sident br\u00e9silien, Jair Bolsonaro, \u00e0 son domicile, \u00e0 Brasilia, le 14\u00a0ao\u00fbt\u00a02025, alors qu\u2019il est assign\u00e9 \u00e0 r\u00e9sidence.  ADRIANO MACHADO\/REUTERS                          <\/p>\n<p class=\"article__paragraph  \">Le juge de la Cour supr\u00eame du Br\u00e9sil charg\u00e9 du proc\u00e8s de Jair Bolsonaro pour tentative pr\u00e9sum\u00e9e de coup d\u2019Etat, <a href=\"https:\/\/www.lemonde.fr\/m-le-mag\/article\/2023\/04\/05\/alexandre-de-moraes-un-juge-intraitable-aux-trousses-de-jair-bolsonaro_6168280_4500055.html\" rel=\"nofollow noopener\" target=\"_blank\">Alexandre de Moraes<\/a>, a ordonn\u00e9, mardi 26\u00a0ao\u00fbt, une surveillance polici\u00e8re \u00ab\u00a0\u00e0 temps plein\u00a0\u00bb de l\u2019ex-pr\u00e9sident actuellement assign\u00e9 \u00e0 r\u00e9sidence et sous bracelet \u00e9lectronique, en raison d\u2019un \u00ab\u00a0risque de fuite\u00a0\u00bb.<\/p>\n<p class=\"article__paragraph  \">Accus\u00e9 d\u2019avoir conspir\u00e9 pour se maintenir au pouvoir \u00ab\u00a0de fa\u00e7on autoritaire\u00a0\u00bb apr\u00e8s avoir perdu l\u2019\u00e9lection de 2022 face \u00e0 son successeur de gauche Luiz Inacio Lula da Silva \u2013 dit Lula \u2013, l\u2019ancien chef d\u2019Etat d\u2019extr\u00eame droite encourt jusqu\u2019\u00e0 quarante\u00a0ans de prison \u00e0 l\u2019issue de son proc\u00e8s dont la phase finale doit se tenir du 2\u00a0au 12\u00a0septembre.<\/p>\n<p class=\"article__paragraph  \">Dans un document judiciaire consult\u00e9 par l\u2019Agence France-Presse (AFP), le magistrat, a\u00a0demand\u00e9 \u00e0 la police une \u00ab\u00a0surveillance \u00e0 temps plein\u00a0\u00bb de M. Bolsonaro en \u00ab\u00a0d\u00e9ployant des \u00e9quipes d\u00e9di\u00e9es \u00e0 l\u2019adresse o\u00f9 l\u2019accus\u00e9 est assign\u00e9 \u00e0 r\u00e9sidence\u00a0\u00bb depuis le 4\u00a0ao\u00fbt.<\/p>\n<p>                                       Lire aussi |  Article r\u00e9serv\u00e9 \u00e0 nos abonn\u00e9s  <a href=\"https:\/\/www.lemonde.fr\/international\/article\/2025\/08\/07\/au-bresil-le-juge-moraes-critique-pour-avoir-assigne-a-residence-jair-bolsonaro_6627297_3210.html\" class=\"js-article-read-also catcher--favoris__link\" data-premium=\"1\" id=\"article-title-3433843\" rel=\"nofollow noopener\" target=\"_blank\">Au Br\u00e9sil, le juge Moraes critiqu\u00e9 pour avoir assign\u00e9 \u00e0 r\u00e9sidence Jair Bolsonaro<\/a>    <\/p>\n<p>   Lire plus tard  <\/p>\n<p class=\"article__paragraph  \">Ce renforcement de surveillance intervient \u00e0 la suite d\u2019une requ\u00eate parlementaire qui a \u00e9t\u00e9 pr\u00e9sent\u00e9e par Lindbergh Farias, un d\u00e9put\u00e9 du Parti des travailleurs, le mouvement de Lula, invoquant un \u00ab\u00a0risque r\u00e9el de fuite\u00a0\u00bb hors du Br\u00e9sil.<\/p>\n<p>                    Demande d\u2019asile politique                    <\/p>\n<p class=\"article__paragraph  \">Jair Bolsonaro, 70\u00a0ans, \u00e9tait d\u00e9j\u00e0 assign\u00e9 \u00e0 r\u00e9sidence et contraint de porter un bracelet \u00e9lectronique pour avoir enfreint les mesures lui interdisant de s\u2019exprimer sur les r\u00e9seaux sociaux. Des restrictions n\u00e9es d\u2019une enqu\u00eate lanc\u00e9e contre lui pour entrave \u00e0 son proc\u00e8s. La semaine derni\u00e8re, la police f\u00e9d\u00e9rale a recommand\u00e9 son inculpation et celle de son fils, Eduardo, en raison de ces soup\u00e7ons.<\/p>\n<p class=\"article__paragraph  \">Pour justifier cette recommandation, les enqu\u00eateurs ont notamment d\u00e9clar\u00e9 avoir retrouv\u00e9 sur le t\u00e9l\u00e9phone de Jair Bolsonaro un document incluant \u00ab\u00a0<a href=\"https:\/\/www.lemonde.fr\/international\/article\/2025\/08\/21\/bresil-selon-la-police-jair-bolsonaro-a-voulu-fuir-en-argentine-et-demander-l-asile-politique_6632900_3210.html\" rel=\"nofollow noopener\" target=\"_blank\">une demande d\u2019asile politique<\/a>\u00a0\u00bb en Argentine adress\u00e9e au pr\u00e9sident Javier Milei.<\/p>\n<p>                                       Lire aussi |  Article r\u00e9serv\u00e9 \u00e0 nos abonn\u00e9s  <a href=\"https:\/\/www.lemonde.fr\/international\/article\/2025\/08\/05\/au-bresil-jair-bolsonaro-assigne-a-residence-pour-non-respect-des-mesures-de-controle-judiciaire_6626826_3210.html\" class=\"js-article-read-also catcher--favoris__link\" data-premium=\"1\" id=\"article-title-3433679\" rel=\"nofollow noopener\" target=\"_blank\">Au Br\u00e9sil, Jair Bolsonaro assign\u00e9 \u00e0 r\u00e9sidence pour non-respect des mesures de contr\u00f4le judiciaire<\/a>    <\/p>\n<p>   Lire plus tard  <\/p>\n<p class=\"article__paragraph  \">Entre autres facteurs de risque, le juge Moraes cite la campagne de lobbying pour que les autorit\u00e9s am\u00e9ricaines interc\u00e8dent en faveur de son p\u00e8re que le d\u00e9put\u00e9 Eduardo Bolsonaro m\u00e8ne depuis les Etats-Unis\u00a0: \u00ab\u00a0Les actes incessants d\u2019Eduardo Bolsonaro depuis un pays \u00e9tranger montrent la possibilit\u00e9 d\u2019un risque de fuite de Jair Bolsonaro pour \u00e9chapper \u00e0 la loi, notamment en raison de l\u2019approche des d\u00e9bats \u00e0 la Cour supr\u00eame.\u00a0\u00bb<\/p>\n<p>                    \u00ab\u00a0Le Br\u00e9sil appartient aux Br\u00e9siliens\u00a0\u00bb                    <\/p>\n<p class=\"article__paragraph  \">Le pr\u00e9sident am\u00e9ricain, Donald Trump, a, dans ce contexte, impos\u00e9 une surtaxe douani\u00e8re de 50\u00a0% \u00e0 une partie des exportations br\u00e9siliennes vers les Etats-Unis, invoquant une \u00ab\u00a0chasse aux\u00a0sorci\u00e8res\u00a0\u00bb contre son alli\u00e9 d\u2019extr\u00eame droite.<\/p>\n<p>                                       Lire aussi |  Article r\u00e9serv\u00e9 \u00e0 nos abonn\u00e9s  <a href=\"https:\/\/www.lemonde.fr\/international\/article\/2025\/08\/04\/au-bresil-la-pression-americaine-contre-l-administration-lula-galvanise-les-soutiens-a-bolsonaro_6626565_3210.html\" class=\"js-article-read-also catcher--favoris__link\" data-premium=\"1\" id=\"article-title-3433571\" rel=\"nofollow noopener\" target=\"_blank\">Au Br\u00e9sil, la pression de l\u2019administration Trump  galvanise les soutiens de Jair Bolsonaro<\/a>    <\/p>\n<p>   Lire plus tard  <\/p>\n<p class=\"article__paragraph  \">Quelques heures avant l\u2019annonce du juge Alexandre de Moraes, le pr\u00e9sident Lula a d\u00e9nonc\u00e9 un \u00ab\u00a0geste irresponsable\u00a0\u00bb de l\u2019administration am\u00e9ricaine qui a pris la d\u00e9cision de r\u00e9voquer le visa du ministre de la justice br\u00e9silien, Ricardo Lewandowski, derni\u00e8re disposition en date d\u2019une s\u00e9rie de mesures \u00ab\u00a0inacceptables\u00a0\u00bb \u00e0 ses yeux. Plusieurs membres de la Cour supr\u00eame, dont le juge Moraes, avaient d\u00e9j\u00e0 subi la m\u00eame sanction.<\/p>\n<p> Le Monde M\u00e9morable  <\/p>\n<p> <a href=\"https:\/\/www.lemonde.fr\/memorable\/?rfextension=inread\" class=\"inread__link js-services-inread-link\" target=\"_blank\" rel=\"nofollow noopener\">  <\/p>\n<p>Testez votre culture g\u00e9n\u00e9rale avec la r\u00e9daction du \u00ab Monde \u00bb<\/p>\n<p>Testez votre culture g\u00e9n\u00e9rale avec la r\u00e9daction du \u00ab Monde \u00bb<\/p>\n<p>D\u00e9couvrir<\/p>\n<p> <\/a>      <\/p>\n<p> Newsletter  <\/p>\n<p> <a href=\"https:\/\/www.lemonde.fr\/newsletters\/a-la-une\/\" class=\"inread__link js-services-inread-link\" target=\"_blank\" rel=\"nofollow noopener\">  <\/p>\n<p>\u00ab A la une \u00bb<\/p>\n<p>Chaque matin, parcourez l&rsquo;essentiel de l&rsquo;actualit\u00e9 du jour avec les derniers titres du \u00ab Monde \u00bb<\/p>\n<p>S&rsquo;inscrire<\/p>\n<p> <\/a>          <\/p>\n<p> Le Monde Application  <\/p>\n<p> <a href=\"https:\/\/lamatinale.onelink.me\/gKMy\/ahw2ubr3\" class=\"inread__link js-services-inread-link\" target=\"_blank\" rel=\"nofollow noopener\">  <\/p>\n<p>La Matinale du Monde<\/p>\n<p>Chaque matin, retrouvez notre s\u00e9lection de 20 articles \u00e0 ne pas manquer <\/p>\n<p>T\u00e9l\u00e9charger l&rsquo;application<\/p>\n<p> <\/a>      <\/p>\n<p> Newsletter abonn\u00e9s  <\/p>\n<p> <a href=\"https:\/\/www.lemonde.fr\/newsletters\/international\/\" class=\"inread__link js-services-inread-link\" target=\"_blank\" rel=\"nofollow noopener\">  <\/p>\n<p>\u00ab International \u00bb<\/p>\n<p>L\u2019essentiel de l\u2019actualit\u00e9 internationale de la semaine<\/p>\n<p>S&rsquo;inscrire<\/p>\n<p> <\/a>             <\/p>\n<p class=\"article__paragraph  \">Lors d\u2019une r\u00e9union, \u00e0 Brasilia, la plupart des ministres du gouvernement Lula arboraient des casquettes bleu marine avec la mention \u00ab\u00a0Le Br\u00e9sil appartient aux Br\u00e9siliens\u00a0\u00bb, en r\u00e9ponse \u00e0 la casquette rouge frapp\u00e9e du slogan trumpien \u00ab\u00a0Make America Great Again\u00a0\u00bb (\u00ab\u00a0Rendre sa grandeur \u00e0 l\u2019Am\u00e9rique\u00a0\u00bb).<\/p>\n<p class=\"article__paragraph  \">Le pr\u00e9sident Lula a alors une nouvelle fois accus\u00e9 Donald Trump d\u2019\u00ab\u00a0agir comme s\u2019il \u00e9tait l\u2019empereur de la plan\u00e8te Terre\u00a0\u00bb, r\u00e9it\u00e9r\u00e9 que son gouvernement \u00e9tait \u00ab\u00a0pr\u00eat \u00e0 s\u2019asseoir \u00e0 la table [des n\u00e9gociations]\u00a0\u00bb quant \u00e0 la question des droits de douane sur les exportations br\u00e9siliennes, mais \u00ab\u00a0d\u2019\u00e9gal \u00e0 \u00e9gal\u00a0\u00bb <\/p>\n<p>                                       Lire aussi |  Article r\u00e9serv\u00e9 \u00e0 nos abonn\u00e9s  <a href=\"https:\/\/www.lemonde.fr\/economie\/article\/2025\/08\/06\/guerre-commerciale-le-bresil-durement-touche-par-la-surtaxe-douaniere-americaine-de-50_6627116_3234.html\" class=\"js-article-read-also catcher--favoris__link\" data-premium=\"1\" id=\"article-title-3433682\" rel=\"nofollow noopener\" target=\"_blank\">Guerre commerciale\u00a0: le Br\u00e9sil durement touch\u00e9 par la surtaxe douani\u00e8re am\u00e9ricaine de 50\u00a0%<\/a>    <\/p>\n<p>   Lire plus tard  <\/p>\n<p class=\"author__detail\">  Le Monde avec AFP  <\/p>\n","protected":false},"excerpt":{"rendered":"L\u2019ancien pr\u00e9sident br\u00e9silien, Jair Bolsonaro, \u00e0 son domicile, \u00e0 Brasilia, le 14\u00a0ao\u00fbt\u00a02025, alors qu\u2019il est assign\u00e9 \u00e0 r\u00e9sidence.&hellip;\n","protected":false},"author":2,"featured_media":346588,"comment_status":"","ping_status":"","sticky":false,"template":"","format":"standard","meta":{"footnotes":""},"categories":[5],"tags":[11,1011,27,14,12,28],"class_list":{"0":"post-346587","1":"post","2":"type-post","3":"status-publish","4":"format-standard","5":"has-post-thumbnail","7":"category-international","8":"tag-actualites","9":"tag-fr","10":"tag-france","11":"tag-international","12":"tag-news","13":"tag-world"},"share_on_mastodon":{"url":"https:\/\/pubeurope.com\/@fr\/115098432542554501","error":""},"_links":{"self":[{"href":"https:\/\/www.europesays.com\/fr\/wp-json\/wp\/v2\/posts\/346587","targetHints":{"allow":["GET"]}}],"collection":[{"href":"https:\/\/www.europesays.com\/fr\/wp-json\/wp\/v2\/posts"}],"about":[{"href":"https:\/\/www.europesays.com\/fr\/wp-json\/wp\/v2\/types\/post"}],"author":[{"embeddable":true,"href":"https:\/\/www.europesays.com\/fr\/wp-json\/wp\/v2\/users\/2"}],"replies":[{"embeddable":true,"href":"https:\/\/www.europesays.com\/fr\/wp-json\/wp\/v2\/comments?post=346587"}],"version-history":[{"count":0,"href":"https:\/\/www.europesays.com\/fr\/wp-json\/wp\/v2\/posts\/346587\/revisions"}],"wp:featuredmedia":[{"embeddable":true,"href":"https:\/\/www.europesays.com\/fr\/wp-json\/wp\/v2\/media\/346588"}],"wp:attachment":[{"href":"https:\/\/www.europesays.com\/fr\/wp-json\/wp\/v2\/media?parent=346587"}],"wp:term":[{"taxonomy":"category","embeddable":true,"href":"https:\/\/www.europesays.com\/fr\/wp-json\/wp\/v2\/categories?post=346587"},{"taxonomy":"post_tag","embeddable":true,"href":"https:\/\/www.europesays.com\/fr\/wp-json\/wp\/v2\/tags?post=346587"}],"curies":[{"name":"wp","href":"https:\/\/api.w.org\/{rel}","templated":true}]}}