{"id":346605,"date":"2025-08-27T02:57:22","date_gmt":"2025-08-27T02:57:22","guid":{"rendered":"https:\/\/www.europesays.com\/fr\/346605\/"},"modified":"2025-08-27T02:57:22","modified_gmt":"2025-08-27T02:57:22","slug":"le-jeune-conducteur-qui-avait-renverse-une-famille-apres-la-victoire-du-psg-nira-pas-en-prison","status":"publish","type":"post","link":"https:\/\/www.europesays.com\/fr\/346605\/","title":{"rendered":"Le jeune conducteur qui avait renvers\u00e9 une famille apr\u00e8s la victoire du PSG n\u2019ira pas en prison"},"content":{"rendered":"<p><strong>Accident &#8211; Ag\u00e9 de 19 ans, le conducteur d\u2019une BMW a \u00e9cop\u00e9 d\u2019une peine de douze mois de prison avec sursis<\/strong><\/p>\n<p>C\u2019\u00e9tait un soir de f\u00eate. A Paris, \u00e9videmment, mais aussi dans de nombreuses villes fran\u00e7aises, o\u00f9 le PSG compte des supporters. Le soir du 31\u00a0mai, une bonne partie de la France a donc f\u00eat\u00e9 <a href=\"https:\/\/www.20minutes.fr\/sport\/football\/diaporama-4156258-psg-inter-chiffres-improbables-victoire-ecrasante-parisiens-finale-ligue-champions?at_medium=RSS%20feed&amp;at_campaign=ynews&amp;utm_source=yahoo&amp;utm_medium=rss&amp;utm_campaign=news_feed&amp;utm_content=in_article_link\" rel=\"nofollow noopener\" target=\"_blank\" data-ylk=\"slk:la victoire en Ligue des champions du Paris Saint-Germain;elm:context_link;itc:0;sec:content-canvas\" class=\"link \">la victoire en Ligue des champions du Paris Saint-Germain<\/a>. A Grenoble, des centaines de personnes \u00e9taient dans les rues quand un grave accident s\u2019\u00e9tait produit. Une famille qui traversait les voies de tramway avait \u00e9t\u00e9 renvers\u00e9e par une voiture qui circulait sur les voies.<\/p>\n<p>Lundi, le conducteur de la BMW <a href=\"https:\/\/www.20minutes.fr\/justice\/4169387-20250825-grenoble-homme-juge-avoir-fauche-famille-apres-victoire-psg-ligue-champions?at_medium=RSS%20feed&amp;at_campaign=ynews&amp;utm_source=yahoo&amp;utm_medium=rss&amp;utm_campaign=news_feed&amp;utm_content=in_article_link\" rel=\"nofollow noopener\" target=\"_blank\" data-ylk=\"slk:\u00e9tait jug\u00e9 devant le tribunal correctionnel de Grenoble;elm:context_link;itc:0;sec:content-canvas\" class=\"link \">\u00e9tait jug\u00e9 devant le tribunal correctionnel de Grenoble<\/a> (Is\u00e8re). Il a \u00e9t\u00e9 condamn\u00e9 \u00e0 une peine de douze mois de prison avec sursis et n\u2019ira donc pas en prison, <a href=\"https:\/\/www.francebleu.fr\/infos\/faits-divers-justice\/grenoble-12-mois-de-prison-avec-sursis-pour-le-conducteur-qui-avait-fauche-quatre-personnes-apres-la-victoire-du-psg-4490638?at_medium=RSS%20feed&amp;at_campaign=ynews&amp;utm_source=yahoo&amp;utm_medium=rss&amp;utm_campaign=news_feed&amp;utm_content=in_article_link\" rel=\"nofollow noopener\" target=\"_blank\" data-ylk=\"slk:r\u00e9v\u00e8le France Bleu;elm:context_link;itc:0;sec:content-canvas\" class=\"link \">r\u00e9v\u00e8le France Bleu<\/a>.<\/p>\n<p>Quatre membres d\u2019une m\u00eame famille avaient \u00e9t\u00e9 bless\u00e9s sur le cours Jean-Jaur\u00e8s, dont des jumeaux de 17 ans, gri\u00e8vement touch\u00e9s. D\u2019apr\u00e8s nos confr\u00e8res, l\u2019homme de 19 ans qui \u00e9tait au volant a pr\u00e9sent\u00e9 ses excuses aux victimes et \u00e0 leur famille. Il a expliqu\u00e9 qu\u2019il avait paniqu\u00e9 <a href=\"https:\/\/www.20minutes.fr\/faits_divers\/4156569-20250602-violences-apres-sacre-psg-jeune-conducteur-fauche-famille-grenoble-bientot-juge?at_medium=RSS%20feed&amp;at_campaign=ynews&amp;utm_source=yahoo&amp;utm_medium=rss&amp;utm_campaign=news_feed&amp;utm_content=in_article_link\" rel=\"nofollow noopener\" target=\"_blank\" data-ylk=\"slk:lorsqu\u2019il avait vu des tirs de mortier;elm:context_link;itc:0;sec:content-canvas\" class=\"link \">lorsqu\u2019il avait vu des tirs de mortier<\/a>.<\/p>\n<p>Il venait d\u2019acheter la voiture<\/p>\n<p>Craignant que son v\u00e9hicule qu\u2019il avait achet\u00e9 deux semaines avant ne soit d\u00e9grad\u00e9, il avait emprunt\u00e9 les voies de tram pour s\u2019\u00e9loigner. Sur l\u2019herbe humide et les rails, il avait ensuite perdu le contr\u00f4le de la voiture, venant percuter les pi\u00e9tons. Les expertises montreront que la vitesse du v\u00e9hicule oscillait entre 34 et 41\u00a0km\/h au moment du choc. Suffisant pour provoquer de tr\u00e8s graves blessures.<\/p>\n<p><a href=\"https:\/\/www.20minutes.fr\/justice\/4169539-20250826-grenoble-jeune-conducteur-renverse-famille-apres-victoire-psg-ira-prison?at_medium=RSS%20feed&amp;at_campaign=ynews&amp;utm_source=yahoo&amp;utm_medium=rss&amp;utm_campaign=news_feed&amp;utm_content=read_more_link&quot;\" rel=\"nofollow noopener\" target=\"_blank\" data-ylk=\"slk:Lire la suite sur 20minutes;elm:context_link;itc:0;sec:content-canvas\" class=\"link \">Lire la suite sur 20minutes<\/a><\/p>\n<p>\u00c0 lire aussi :<br \/><a href=\"https:\/\/www.20minutes.fr\/justice\/4169387-20250825-grenoble-homme-juge-avoir-fauche-famille-apres-victoire-psg-ligue-champions?at_medium=RSS%20feed&amp;at_campaign=ynews&amp;utm_source=yahoo&amp;utm_medium=rss&amp;utm_campaign=news_feed&amp;utm_content=related_content_link\" rel=\"nofollow noopener\" target=\"_blank\" data-ylk=\"slk:Grenoble\u00a0: Un homme jug\u00e9 pour avoir fauch\u00e9 une famille apr\u00e8s la victoire du PSG en Ligue des champions;elm:context_link;itc:0;sec:content-canvas\" class=\"link \">Grenoble\u00a0: Un homme jug\u00e9 pour avoir fauch\u00e9 une famille apr\u00e8s la victoire du PSG en Ligue des champions<\/a><br \/><a href=\"https:\/\/www.20minutes.fr\/societe\/4156631-20250603-violences-apres-sacre-psg-vraiment-plus-debordements-2025-1998-apres-victoire-coupe-monde?at_medium=RSS%20feed&amp;at_campaign=ynews&amp;utm_source=yahoo&amp;utm_medium=rss&amp;utm_campaign=news_feed&amp;utm_content=related_content_link\" rel=\"nofollow noopener\" target=\"_blank\" data-ylk=\"slk:Violences apr\u00e8s le sacre du PSG\u00a0: Vraiment plus de d\u00e9bordements en\u00a02025 qu\u2019en\u00a01998 apr\u00e8s la victoire en Coupe du Monde\u00a0?;elm:context_link;itc:0;sec:content-canvas\" class=\"link \">Violences apr\u00e8s le sacre du PSG\u00a0: Vraiment plus de d\u00e9bordements en\u00a02025 qu\u2019en\u00a01998 apr\u00e8s la victoire en Coupe du Monde\u00a0?<\/a><\/p>\n","protected":false},"excerpt":{"rendered":"Accident &#8211; Ag\u00e9 de 19 ans, le conducteur d\u2019une BMW a \u00e9cop\u00e9 d\u2019une peine de douze mois de&hellip;\n","protected":false},"author":2,"featured_media":346606,"comment_status":"","ping_status":"","sticky":false,"template":"","format":"standard","meta":{"footnotes":""},"categories":[9566],"tags":[1111,11,2430,1755,1777,674,1011,27,2731,447,12,626,806,13454,93,25,3467],"class_list":{"0":"post-346605","1":"post","2":"type-post","3":"status-publish","4":"format-standard","5":"has-post-thumbnail","7":"category-grenoble","8":"tag-actu","9":"tag-actualites","10":"tag-auvergne-rhone-alpes","11":"tag-bmw","12":"tag-eu","13":"tag-europe","14":"tag-fr","15":"tag-france","16":"tag-grenoble","17":"tag-ligue-des-champions","18":"tag-news","19":"tag-paris","20":"tag-prison","21":"tag-prison-avec-sursis","22":"tag-psg","23":"tag-republique-francaise","24":"tag-soir"},"share_on_mastodon":{"url":"https:\/\/pubeurope.com\/@fr\/115098487539533906","error":""},"_links":{"self":[{"href":"https:\/\/www.europesays.com\/fr\/wp-json\/wp\/v2\/posts\/346605","targetHints":{"allow":["GET"]}}],"collection":[{"href":"https:\/\/www.europesays.com\/fr\/wp-json\/wp\/v2\/posts"}],"about":[{"href":"https:\/\/www.europesays.com\/fr\/wp-json\/wp\/v2\/types\/post"}],"author":[{"embeddable":true,"href":"https:\/\/www.europesays.com\/fr\/wp-json\/wp\/v2\/users\/2"}],"replies":[{"embeddable":true,"href":"https:\/\/www.europesays.com\/fr\/wp-json\/wp\/v2\/comments?post=346605"}],"version-history":[{"count":0,"href":"https:\/\/www.europesays.com\/fr\/wp-json\/wp\/v2\/posts\/346605\/revisions"}],"wp:featuredmedia":[{"embeddable":true,"href":"https:\/\/www.europesays.com\/fr\/wp-json\/wp\/v2\/media\/346606"}],"wp:attachment":[{"href":"https:\/\/www.europesays.com\/fr\/wp-json\/wp\/v2\/media?parent=346605"}],"wp:term":[{"taxonomy":"category","embeddable":true,"href":"https:\/\/www.europesays.com\/fr\/wp-json\/wp\/v2\/categories?post=346605"},{"taxonomy":"post_tag","embeddable":true,"href":"https:\/\/www.europesays.com\/fr\/wp-json\/wp\/v2\/tags?post=346605"}],"curies":[{"name":"wp","href":"https:\/\/api.w.org\/{rel}","templated":true}]}}