{"id":346611,"date":"2025-08-27T03:01:14","date_gmt":"2025-08-27T03:01:14","guid":{"rendered":"https:\/\/www.europesays.com\/fr\/346611\/"},"modified":"2025-08-27T03:01:14","modified_gmt":"2025-08-27T03:01:14","slug":"acheter-une-maison-pres-de-strasbourg-sans-se-ruiner-5-communes-ou-profiter-de-la-baisse-des-prix","status":"publish","type":"post","link":"https:\/\/www.europesays.com\/fr\/346611\/","title":{"rendered":"Acheter une maison pr\u00e8s de Strasbourg sans se ruiner : 5 communes o\u00f9 profiter de la baisse des prix"},"content":{"rendered":"<p>Avec une baisse uniforme de <strong>-11,3\u00a0% dans plusieurs communes<\/strong>, le march\u00e9 des maisons en Alsace p\u00e9riph\u00e9rique offre une <strong>fen\u00eatre d\u2019achat rare<\/strong>. Que ce soit \u00e0 <strong>Uhrwiller, Forstheim ou Ernolsheim-l\u00e8s-Saverne<\/strong>, ces territoires proches de Strasbourg redeviennent <strong>des options viables pour s\u2019installer, t\u00e9l\u00e9travailler ou investir sereinement<\/strong>.<\/p>\n<p><strong>2025 pourrait marquer un retour \u00e0 l\u2019\u00e9quilibre, et une vraie chance \u00e0 saisir pour les acheteurs autour de Strasbourg.<\/strong><\/p>\n<p>*Prix immobiliers et \u00e9volution des prix SeLoger au 1er juin 2025.<\/p>\n","protected":false},"excerpt":{"rendered":"Avec une baisse uniforme de -11,3\u00a0% dans plusieurs communes, le march\u00e9 des maisons en Alsace p\u00e9riph\u00e9rique offre une&hellip;\n","protected":false},"author":2,"featured_media":207806,"comment_status":"","ping_status":"","sticky":false,"template":"","format":"standard","meta":{"footnotes":""},"categories":[2820],"tags":[1111,11,1777,674,1011,27,775,12,25,640],"class_list":{"0":"post-346611","1":"post","2":"type-post","3":"status-publish","4":"format-standard","5":"has-post-thumbnail","7":"category-strasbourg","8":"tag-actu","9":"tag-actualites","10":"tag-eu","11":"tag-europe","12":"tag-fr","13":"tag-france","14":"tag-grand-est","15":"tag-news","16":"tag-republique-francaise","17":"tag-strasbourg"},"share_on_mastodon":{"url":"https:\/\/pubeurope.com\/@fr\/115098503311166769","error":""},"_links":{"self":[{"href":"https:\/\/www.europesays.com\/fr\/wp-json\/wp\/v2\/posts\/346611","targetHints":{"allow":["GET"]}}],"collection":[{"href":"https:\/\/www.europesays.com\/fr\/wp-json\/wp\/v2\/posts"}],"about":[{"href":"https:\/\/www.europesays.com\/fr\/wp-json\/wp\/v2\/types\/post"}],"author":[{"embeddable":true,"href":"https:\/\/www.europesays.com\/fr\/wp-json\/wp\/v2\/users\/2"}],"replies":[{"embeddable":true,"href":"https:\/\/www.europesays.com\/fr\/wp-json\/wp\/v2\/comments?post=346611"}],"version-history":[{"count":0,"href":"https:\/\/www.europesays.com\/fr\/wp-json\/wp\/v2\/posts\/346611\/revisions"}],"wp:featuredmedia":[{"embeddable":true,"href":"https:\/\/www.europesays.com\/fr\/wp-json\/wp\/v2\/media\/207806"}],"wp:attachment":[{"href":"https:\/\/www.europesays.com\/fr\/wp-json\/wp\/v2\/media?parent=346611"}],"wp:term":[{"taxonomy":"category","embeddable":true,"href":"https:\/\/www.europesays.com\/fr\/wp-json\/wp\/v2\/categories?post=346611"},{"taxonomy":"post_tag","embeddable":true,"href":"https:\/\/www.europesays.com\/fr\/wp-json\/wp\/v2\/tags?post=346611"}],"curies":[{"name":"wp","href":"https:\/\/api.w.org\/{rel}","templated":true}]}}