{"id":346612,"date":"2025-08-27T03:02:11","date_gmt":"2025-08-27T03:02:11","guid":{"rendered":"https:\/\/www.europesays.com\/fr\/346612\/"},"modified":"2025-08-27T03:02:11","modified_gmt":"2025-08-27T03:02:11","slug":"cela-fait-six-mois-que-ca-coule-jour-et-nuit-une-fuite-deau-inquiete-les-riverains-de-cette-avenue-a-nice","status":"publish","type":"post","link":"https:\/\/www.europesays.com\/fr\/346612\/","title":{"rendered":"\u00ab\u00a0Cela fait six mois que \u00e7a coule jour et nuit\u00a0\u00bb: une fuite d\u2019eau inqui\u00e8te les riverains de cette avenue \u00e0 Nice"},"content":{"rendered":"<p>Cela fait six mois que \u00e7a coule jour et nuit alors que nous sommes en restriction d\u2019eau s\u00e9cherresse, d\u00e9plore Fabrice, un riverain. GRDF [1] est responsable, mais rien n\u2019avance. Combien de piscine aurions-nous pu remplir avec toute cette eau perdue? \u00bb<\/p>\n<p>Sur le petit parking accol\u00e9 au jardin de la villa Thiole, on assiste \u00e0 un spectacle insolite: un bloc de b\u00e9ton sur\u00e9lev\u00e9, \u00e0 peine prot\u00e9g\u00e9 par quelques barri\u00e8res et un panneau de chantier couch\u00e9 au sol. Mais surtout, un flot d\u2019eau qui s\u2019\u00e9coule sans discontinuer du parking jusqu\u2019\u00e0 la chauss\u00e9e.<\/p>\n<p>\u00ab\u00a0Une nappe phr\u00e9atique a \u00e9t\u00e9 perc\u00e9e\u00a0\u00bb<\/p>\n<p>En effet, depuis le 13 f\u00e9vrier dernier, la compagnie gazi\u00e8re m\u00e8ne des travaux de forage dans le cadre d\u2019une op\u00e9ration de protection cathodique. Mais, \u00e0 une trentaine de m\u00e8tres de profondeur, \u00ab\u00a0une nappe phr\u00e9atique a \u00e9t\u00e9 perc\u00e9e, provoquant cet \u00e9coulement r\u00e9gulier\u00a0\u00bb, indique Fabrice. Ce dernier explique avoir interrog\u00e9 les ouvriers sur place, puis contact\u00e9 GRDF directement. Leur r\u00e9ponse: \u00ab\u00a0Des \u00e9tudes sp\u00e9cialis\u00e9es\u00a0\u00bb doivent \u00eatre men\u00e9es.<\/p>\n<p>Mais depuis, silence radio et aucune am\u00e9lioration visible. De nombreux passants s\u2019interrogent \u00e9galement devant ce d\u00e9bit d\u2019eau qui surprend plus d\u2019un promeneur.<\/p>\n<p>GRDRF s\u2019engage \u00e0 reboucher le forage d\u00e8s le 3 septembre<\/p>\n<p>Contact\u00e9, le directeur territorial de GRDF, Marcello Valenza, s\u2019est d\u2019abord \u00e9tonn\u00e9 de la situation, invitant \u00e0 se rapprocher de la r\u00e9gie Eau d\u2019Azur. Sauf que la r\u00e9gie Eau d\u2019Azur a invit\u00e9 les riverains \u00ab\u00a0\u00e0 se rapprocher de GRDF\u00a0\u00bb, rapporte Fabrice. L\u2019histoire sans fin.<\/p>\n<p>Photos \u00e0 l\u2019appui, GRDF a finalement reconnu qu\u2019\u00a0\u00bbun forage a tap\u00e9 une source lors des travaux du mois de f\u00e9vrier\u00a0\u00bb. La compagnie assure avoir trouv\u00e9 une solution en lien avec Eau d\u2019Azur et s\u2019engage \u00e0 reboucher le forage d\u00e8s le 3 septembre.<\/p>\n<p>1. Gaz r\u00e9seau distribution France.<\/p>\n","protected":false},"excerpt":{"rendered":"Cela fait six mois que \u00e7a coule jour et nuit alors que nous sommes en restriction d\u2019eau s\u00e9cherresse,&hellip;\n","protected":false},"author":2,"featured_media":346613,"comment_status":"","ping_status":"","sticky":false,"template":"","format":"standard","meta":{"footnotes":""},"categories":[2819],"tags":[1111,11,1777,674,118,1011,27,12,2401,882,25],"class_list":{"0":"post-346612","1":"post","2":"type-post","3":"status-publish","4":"format-standard","5":"has-post-thumbnail","7":"category-nice","8":"tag-actu","9":"tag-actualites","10":"tag-eu","11":"tag-europe","12":"tag-faits-divers","13":"tag-fr","14":"tag-france","15":"tag-news","16":"tag-nice","17":"tag-provence-alpes-cote-dazur","18":"tag-republique-francaise"},"share_on_mastodon":{"url":"https:\/\/pubeurope.com\/@fr\/115098507285307657","error":""},"_links":{"self":[{"href":"https:\/\/www.europesays.com\/fr\/wp-json\/wp\/v2\/posts\/346612","targetHints":{"allow":["GET"]}}],"collection":[{"href":"https:\/\/www.europesays.com\/fr\/wp-json\/wp\/v2\/posts"}],"about":[{"href":"https:\/\/www.europesays.com\/fr\/wp-json\/wp\/v2\/types\/post"}],"author":[{"embeddable":true,"href":"https:\/\/www.europesays.com\/fr\/wp-json\/wp\/v2\/users\/2"}],"replies":[{"embeddable":true,"href":"https:\/\/www.europesays.com\/fr\/wp-json\/wp\/v2\/comments?post=346612"}],"version-history":[{"count":0,"href":"https:\/\/www.europesays.com\/fr\/wp-json\/wp\/v2\/posts\/346612\/revisions"}],"wp:featuredmedia":[{"embeddable":true,"href":"https:\/\/www.europesays.com\/fr\/wp-json\/wp\/v2\/media\/346613"}],"wp:attachment":[{"href":"https:\/\/www.europesays.com\/fr\/wp-json\/wp\/v2\/media?parent=346612"}],"wp:term":[{"taxonomy":"category","embeddable":true,"href":"https:\/\/www.europesays.com\/fr\/wp-json\/wp\/v2\/categories?post=346612"},{"taxonomy":"post_tag","embeddable":true,"href":"https:\/\/www.europesays.com\/fr\/wp-json\/wp\/v2\/tags?post=346612"}],"curies":[{"name":"wp","href":"https:\/\/api.w.org\/{rel}","templated":true}]}}