{"id":346614,"date":"2025-08-27T03:03:28","date_gmt":"2025-08-27T03:03:28","guid":{"rendered":"https:\/\/www.europesays.com\/fr\/346614\/"},"modified":"2025-08-27T03:03:28","modified_gmt":"2025-08-27T03:03:28","slug":"le-havre-nice-places-en-vente-pour-les-supporters-nicois","status":"publish","type":"post","link":"https:\/\/www.europesays.com\/fr\/346614\/","title":{"rendered":"Le Havre &#8211; Nice\u00a0: Places en vente pour les supporters ni\u00e7ois"},"content":{"rendered":"<p>\n                    D\u00e9placement<\/p>\n<p>Ce dimanche, les Aiglons se produiront pour la 1re fois de la saison \u00e0 l\u2019ext\u00e9rieur en championnat. Un d\u00e9placement au Havre les attend (17h15). Les supporters ni\u00e7ois peuvent se procurer leur place en secteur visiteurs sur la billetterie en ligne du club (10\u20ac) dans la limite d\u2019une place par compte, jusqu\u2019\u00e0 ce vendredi 18h. Cette contremarque sera \u00e0 \u00e9changer le jour du match au guichet visiteurs du stade.<\/p>\n<p>\u00a0<\/p>\n<p>Le livret d&rsquo;accueil<\/p>\n","protected":false},"excerpt":{"rendered":"D\u00e9placement Ce dimanche, les Aiglons se produiront pour la 1re fois de la saison \u00e0 l\u2019ext\u00e9rieur en championnat.&hellip;\n","protected":false},"author":2,"featured_media":346615,"comment_status":"","ping_status":"","sticky":false,"template":"","format":"standard","meta":{"footnotes":""},"categories":[2819],"tags":[1111,11,1777,674,1011,27,12,2401,882,25],"class_list":{"0":"post-346614","1":"post","2":"type-post","3":"status-publish","4":"format-standard","5":"has-post-thumbnail","7":"category-nice","8":"tag-actu","9":"tag-actualites","10":"tag-eu","11":"tag-europe","12":"tag-fr","13":"tag-france","14":"tag-news","15":"tag-nice","16":"tag-provence-alpes-cote-dazur","17":"tag-republique-francaise"},"share_on_mastodon":{"url":"https:\/\/pubeurope.com\/@fr\/115098511165685135","error":""},"_links":{"self":[{"href":"https:\/\/www.europesays.com\/fr\/wp-json\/wp\/v2\/posts\/346614","targetHints":{"allow":["GET"]}}],"collection":[{"href":"https:\/\/www.europesays.com\/fr\/wp-json\/wp\/v2\/posts"}],"about":[{"href":"https:\/\/www.europesays.com\/fr\/wp-json\/wp\/v2\/types\/post"}],"author":[{"embeddable":true,"href":"https:\/\/www.europesays.com\/fr\/wp-json\/wp\/v2\/users\/2"}],"replies":[{"embeddable":true,"href":"https:\/\/www.europesays.com\/fr\/wp-json\/wp\/v2\/comments?post=346614"}],"version-history":[{"count":0,"href":"https:\/\/www.europesays.com\/fr\/wp-json\/wp\/v2\/posts\/346614\/revisions"}],"wp:featuredmedia":[{"embeddable":true,"href":"https:\/\/www.europesays.com\/fr\/wp-json\/wp\/v2\/media\/346615"}],"wp:attachment":[{"href":"https:\/\/www.europesays.com\/fr\/wp-json\/wp\/v2\/media?parent=346614"}],"wp:term":[{"taxonomy":"category","embeddable":true,"href":"https:\/\/www.europesays.com\/fr\/wp-json\/wp\/v2\/categories?post=346614"},{"taxonomy":"post_tag","embeddable":true,"href":"https:\/\/www.europesays.com\/fr\/wp-json\/wp\/v2\/tags?post=346614"}],"curies":[{"name":"wp","href":"https:\/\/api.w.org\/{rel}","templated":true}]}}