{"id":346616,"date":"2025-08-27T03:06:46","date_gmt":"2025-08-27T03:06:46","guid":{"rendered":"https:\/\/www.europesays.com\/fr\/346616\/"},"modified":"2025-08-27T03:06:46","modified_gmt":"2025-08-27T03:06:46","slug":"racing-club-de-strasbourg-victoire-face-a-nantes-et-perspectives-davenir-lemission-de-rentree-100-racing","status":"publish","type":"post","link":"https:\/\/www.europesays.com\/fr\/346616\/","title":{"rendered":"Racing Club de Strasbourg\u00a0: Victoire face \u00e0 Nantes et perspectives d&rsquo;avenir, l&rsquo;\u00e9mission de rentr\u00e9e 100% Racing"},"content":{"rendered":"<p>D\u00e9couvrez les points forts et les points faibles du Racing Club de Strasbourg en ce d\u00e9but de saison 2025-2026 avec l&rsquo;\u00e9quipe 100% Racing. Au programme\u00a0: analyse du match face \u00e0 Nantes, focus sur Bakwa et Emegha, et revue du mercato XXL des Strasbourgeois. <\/p>\n<p>L&rsquo;\u00e9quipe de 100% Racing emmen\u00e9 par Laurent Weisskopf et nos chroniqueurs Franck Ehrhart, Tania Sorgius, Rudy Carlier et Pierre Lemouton.<\/p>\n<p>Le Racing d\u00e9marre fort<\/p>\n<p>La saison 2025-2026 avec deux victoires cons\u00e9cutives, dont une r\u00e9cente victoire 1-0 contre Nantes. Malgr\u00e9 ce bon d\u00e9part, les observateurs notent un manque d&rsquo;automatismes et de percussions offensives, bien que la solidit\u00e9 d\u00e9fensive soit un point fort. Les nouveaux joueurs s&rsquo;adaptent au syst\u00e8me de jeu de l&rsquo;entra\u00eeneur Liam Rosenior.<\/p>\n<p>Bakwa l&rsquo;homme fort\u00a0?<\/p>\n<p>Focus sur Dylan Bakwa\u00a0: Homme Fort ou Pi\u00e8ce Ma\u00eetresse en Devenir\u00a0? Dylan Bakwa est per\u00e7u comme un joueur d\u00e9cisif en ce d\u00e9but de saison, notamment gr\u00e2ce \u00e0 ses entr\u00e9es en jeu percutantes et ses passes d\u00e9cisives. Cependant, certains estiment qu&rsquo;il n&rsquo;est pas encore l&rsquo;homme fort de l&rsquo;\u00e9quipe, soulignant l&rsquo;importance de la d\u00e9fense. Sa situation contractuelle incertaine pourrait expliquer pourquoi il ne commence pas les matchs comme titulaire, mais son talent est ind\u00e9niable et sa place dans l&rsquo;\u00e9quipe ne fait aucun doute s&rsquo;il choisit de rester.<\/p>\n<p>Emegha \u00e0 la hauteur\u00a0?<\/p>\n<p>Les avis sont partag\u00e9s sur\u00a0 le capitaine du Racing. Apr\u00e8s avoir manqu\u00e9 une occasion facile, il a su se ressaisir et marquer un but d\u00e9cisif, d\u00e9montrant une force mentale et une capacit\u00e9 \u00e0 se concentrer malgr\u00e9 la pression. Si certains reconnaissent son travail acharn\u00e9 et son implication, d&rsquo;autres remettent en question son niveau technique et son leadership en tant que num\u00e9ro 10.<\/p>\n<p>Le mercato XXL<\/p>\n<p>Le Mercato XXL du Racing\u00a0: Pari Risqu\u00e9 ou Investissement N\u00e9cessaire\u00a0? Le Racing a connu un mercato estival important avec de nombreuses arriv\u00e9es, suscitant des interrogations sur la coh\u00e9sion de l&rsquo;\u00e9quipe et l&rsquo;adaptation des nouveaux joueurs. Si certains s&rsquo;inqui\u00e8tent du nombre \u00e9lev\u00e9 de changements et de l&rsquo;attachement des supporters aux anciens joueurs, d&rsquo;autres saluent l&rsquo;investissement du club et la possibilit\u00e9 de jouer sur plusieurs tableaux, notamment en Coupe d&rsquo;Europe.<\/p>\n<p>Retrouvez 100% Racing tous les lundis \u00e0 18h sur votre radio ICI Alsace.<\/p>\n","protected":false},"excerpt":{"rendered":"D\u00e9couvrez les points forts et les points faibles du Racing Club de Strasbourg en ce d\u00e9but de saison&hellip;\n","protected":false},"author":2,"featured_media":346617,"comment_status":"","ping_status":"","sticky":false,"template":"","format":"standard","meta":{"footnotes":""},"categories":[2818],"tags":[1111,11,1777,674,1011,27,766,12,2636,25],"class_list":{"0":"post-346616","1":"post","2":"type-post","3":"status-publish","4":"format-standard","5":"has-post-thumbnail","7":"category-nantes","8":"tag-actu","9":"tag-actualites","10":"tag-eu","11":"tag-europe","12":"tag-fr","13":"tag-france","14":"tag-nantes","15":"tag-news","16":"tag-pays-de-la-loire","17":"tag-republique-francaise"},"share_on_mastodon":{"url":"https:\/\/pubeurope.com\/@fr\/115098527018405070","error":""},"_links":{"self":[{"href":"https:\/\/www.europesays.com\/fr\/wp-json\/wp\/v2\/posts\/346616","targetHints":{"allow":["GET"]}}],"collection":[{"href":"https:\/\/www.europesays.com\/fr\/wp-json\/wp\/v2\/posts"}],"about":[{"href":"https:\/\/www.europesays.com\/fr\/wp-json\/wp\/v2\/types\/post"}],"author":[{"embeddable":true,"href":"https:\/\/www.europesays.com\/fr\/wp-json\/wp\/v2\/users\/2"}],"replies":[{"embeddable":true,"href":"https:\/\/www.europesays.com\/fr\/wp-json\/wp\/v2\/comments?post=346616"}],"version-history":[{"count":0,"href":"https:\/\/www.europesays.com\/fr\/wp-json\/wp\/v2\/posts\/346616\/revisions"}],"wp:featuredmedia":[{"embeddable":true,"href":"https:\/\/www.europesays.com\/fr\/wp-json\/wp\/v2\/media\/346617"}],"wp:attachment":[{"href":"https:\/\/www.europesays.com\/fr\/wp-json\/wp\/v2\/media?parent=346616"}],"wp:term":[{"taxonomy":"category","embeddable":true,"href":"https:\/\/www.europesays.com\/fr\/wp-json\/wp\/v2\/categories?post=346616"},{"taxonomy":"post_tag","embeddable":true,"href":"https:\/\/www.europesays.com\/fr\/wp-json\/wp\/v2\/tags?post=346616"}],"curies":[{"name":"wp","href":"https:\/\/api.w.org\/{rel}","templated":true}]}}