{"id":34662,"date":"2025-04-18T18:33:14","date_gmt":"2025-04-18T18:33:14","guid":{"rendered":"https:\/\/www.europesays.com\/fr\/34662\/"},"modified":"2025-04-18T18:33:14","modified_gmt":"2025-04-18T18:33:14","slug":"ce-jeudi-17-avril-120-gendarmes-engages-178-signalements","status":"publish","type":"post","link":"https:\/\/www.europesays.com\/fr\/34662\/","title":{"rendered":"ce jeudi 17 avril, 120 gendarmes engag\u00e9s, 178 signalements"},"content":{"rendered":"<p>Pas moins de 120 militaires sont engag\u00e9s au 8e\u00a0jour de la <a target=\"_self\" href=\"https:\/\/www.lanouvellerepublique.fr\/vienne\/commune\/vivonne\/vivonne-gros-deploiement-de-gendarmerie-pour-retrouver-une-joggeuse-disparue-1744361994\" rel=\"noopener\">disparition de la joggeuse Agathe Hilairet<\/a>, \u00e2g\u00e9e de 28\u00a0ans \u00e0 Vivonne, jeudi 17\u00a0avril 2025. Ils vont poursuivre les recherches et mener \u00ab\u00a0du contr\u00f4le sp\u00e9cifique\u00a0\u00bb, indique le colonel Philippe-Alexandre Assou, commandant le groupement de gendarmerie de la Vienne sans donner plus de d\u00e9tails sur la nature de ces contr\u00f4les.<\/p>\n<p>Apr\u00e8s des recherches men\u00e9es depuis la disparition de la <a target=\"_self\" href=\"https:\/\/www.lanouvellerepublique.fr\/poitiers\/qui-est-agathe-hilairet-portee-disparue-depuis-une-semaine-a-vivonne-1744831771\" rel=\"noopener\">jeune sportive<\/a> jeudi 10\u00a0avril sur une zone de 100\u00a0km\u00b2, le bois de la Brie, au sud de Vivonne, avait \u00e9t\u00e9 cibl\u00e9 sur un p\u00e9rim\u00e8tre de 3\u00a0km\u00b2 en d\u00e9but de semaine. Mais il s\u2019agit bien <a target=\"_self\" href=\"https:\/\/www.lanouvellerepublique.fr\/vienne\/commune\/voulon\/disparition-d-agathe-hilairet-a-vivonne-sept-jours-d-anxiete-1744831729\" rel=\"noopener\">d\u2019une mobilisation tous azimuts<\/a>. Les forces de gendarmerie crois\u00e9es mercredi 16\u00a0avril en d\u00e9but d\u2019apr\u00e8s-midi poursuivaient des reconnaissances sur une route communale entre Vivonne et Voulon. En fin de journ\u00e9e, ils \u00e9taient aux abords de la voie ferr\u00e9e, en compagnie d\u2019agents de la SNCF.<\/p>\n<p>Appel \u00e0 t\u00e9moins\u00a0: 178 signalements<\/p>\n<p>L\u2019appel \u00e0 t\u00e9moins lanc\u00e9 d\u00e8s le vendredi 11\u00a0avril a d\u00e9j\u00e0 r\u00e9colt\u00e9 178 signalements, selon la gendarmerie. Pour communiquer toute information relative \u00e0 cette disparition, il est demand\u00e9 de contacter la gendarmerie de Vivonne au 05.49.43.41.15.<\/p>\n","protected":false},"excerpt":{"rendered":"Pas moins de 120 militaires sont engag\u00e9s au 8e\u00a0jour de la disparition de la joggeuse Agathe Hilairet, \u00e2g\u00e9e&hellip;\n","protected":false},"author":2,"featured_media":34663,"comment_status":"","ping_status":"","sticky":false,"template":"","format":"standard","meta":{"footnotes":""},"categories":[4],"tags":[1392,11,2545,274,1011,27,12,25,1584,11323,11322],"class_list":{"0":"post-34662","1":"post","2":"type-post","3":"status-publish","4":"format-standard","5":"has-post-thumbnail","7":"category-france","8":"tag-a-la-une-local","9":"tag-actualites","10":"tag-deux-sevres","11":"tag-faits-divers-justice","12":"tag-fr","13":"tag-france","14":"tag-news","15":"tag-republique-francaise","16":"tag-vienne","17":"tag-vivonne","18":"tag-voulon"},"share_on_mastodon":{"url":"https:\/\/pubeurope.com\/@fr\/114360405452894990","error":""},"_links":{"self":[{"href":"https:\/\/www.europesays.com\/fr\/wp-json\/wp\/v2\/posts\/34662","targetHints":{"allow":["GET"]}}],"collection":[{"href":"https:\/\/www.europesays.com\/fr\/wp-json\/wp\/v2\/posts"}],"about":[{"href":"https:\/\/www.europesays.com\/fr\/wp-json\/wp\/v2\/types\/post"}],"author":[{"embeddable":true,"href":"https:\/\/www.europesays.com\/fr\/wp-json\/wp\/v2\/users\/2"}],"replies":[{"embeddable":true,"href":"https:\/\/www.europesays.com\/fr\/wp-json\/wp\/v2\/comments?post=34662"}],"version-history":[{"count":0,"href":"https:\/\/www.europesays.com\/fr\/wp-json\/wp\/v2\/posts\/34662\/revisions"}],"wp:featuredmedia":[{"embeddable":true,"href":"https:\/\/www.europesays.com\/fr\/wp-json\/wp\/v2\/media\/34663"}],"wp:attachment":[{"href":"https:\/\/www.europesays.com\/fr\/wp-json\/wp\/v2\/media?parent=34662"}],"wp:term":[{"taxonomy":"category","embeddable":true,"href":"https:\/\/www.europesays.com\/fr\/wp-json\/wp\/v2\/categories?post=34662"},{"taxonomy":"post_tag","embeddable":true,"href":"https:\/\/www.europesays.com\/fr\/wp-json\/wp\/v2\/tags?post=34662"}],"curies":[{"name":"wp","href":"https:\/\/api.w.org\/{rel}","templated":true}]}}