{"id":346624,"date":"2025-08-27T03:10:22","date_gmt":"2025-08-27T03:10:22","guid":{"rendered":"https:\/\/www.europesays.com\/fr\/346624\/"},"modified":"2025-08-27T03:10:22","modified_gmt":"2025-08-27T03:10:22","slug":"pendant-trop-longtemps-aller-se-former-ailleurs-qua-toulouse-cetait-une-punition-lhopital-de-cahors-met-tout-en-oeuvre-pour-attirer-les-jeunes-medecins","status":"publish","type":"post","link":"https:\/\/www.europesays.com\/fr\/346624\/","title":{"rendered":"\u00ab\u00a0Pendant trop longtemps aller se former ailleurs qu\u2019\u00e0 Toulouse c\u2019\u00e9tait une punition\u00a0\u00bb\u00a0: l\u2019h\u00f4pital de Cahors met tout en \u0153uvre pour attirer les jeunes m\u00e9decins"},"content":{"rendered":"<p>\n                                                                    l&rsquo;essentiel<br \/>\n                                                                Quand tous croyaient condamn\u00e9 le service cardiologie de l\u2019h\u00f4pital de Cahors, le professeur Carri\u00e9 et le CHU de Toulouse ont mont\u00e9 un projet pour f\u00e9d\u00e9rer une \u00e9quipe impliqu\u00e9e dans les deux \u00e9tablissements. Deux ans plus tard, une convention vient renforcer ces liens.\n                            <\/p>\n<p>Le centre hospitalier de Cahors a sign\u00e9 une convention avec l\u2019association H2O et le CHU de Toulouse, aux c\u00f4t\u00e9s de 50 autres h\u00f4pitaux de Midi-Pyr\u00e9n\u00e9es. En\u00a0cardiologie, le professeur Didier Carri\u00e9, chef de service, et le docteur Gildas Ganse nous expliquent\u00a0en quoi ce rapprochement r\u00e9volutionne la pratique et renforce l\u2019attractivit\u00e9 m\u00e9dicale de l\u2019h\u00f4pital cadurcien.<\/p>\n<p>        <img decoding=\"async\" class=\"std-img__img responsive-img\" src=\"https:\/\/www.europesays.com\/fr\/wp-content\/uploads\/2025\/08\/1756264222_639_image.jpg\" alt=\"Le docteur Gildas Ganse et le professeur Didier Carri\u00e9.\"\/><\/p>\n<p>                Le docteur Gildas Ganse et le professeur Didier Carri\u00e9.<br \/>\n                                    DDM LaeB<\/p>\n<p class=\"txt-question\">Qu\u2019est-ce qu\u2019apporte cette convention pour Cahors et pour les patients lotois\u00a0?<\/p>\n<p>Il y a une certitude, c\u2019est qu\u2019on ne peut pas laisser mourir nos h\u00f4pitaux dans les d\u00e9partements. Pour cela, il faut qu\u2019ils aient une certaine autonomie. Cette convention H2O renforce les liens entre le centre hospitalier universitaire de Toulouse et l\u2019h\u00f4pital de Cahors, avec des m\u00e9decins du CHU qui interviennent \u00e0 Cahors.<\/p>\n<p class=\"std-elt__inline\">\n        <strong>\u00c0 lire aussi :<\/strong><br \/>\n        <a href=\"https:\/\/www.ladepeche.fr\/2025\/08\/18\/pourquoi-des-medecins-toulousains-viennent-au-chevet-des-patients-lotois-a-lhopital-de-cahors-12881878.php\" rel=\"nofollow noopener\" target=\"_blank\">Pourquoi des m\u00e9decins toulousains viennent au chevet des patients lotois \u00e0 l\u2019h\u00f4pital de Cahors<\/a>\n    <\/p>\n<p class=\"txt-question\">Comment faire venir les jeunes m\u00e9decins \u00e0 Cahors\u00a0?<\/p>\n<p>Si on propose des disciplines sp\u00e9cifiques, des plateaux techniques performants, de contribuer \u00e0 la recherche et, bien s\u00fbr, de se former, on saura rendre les structures de territoire int\u00e9ressantes pour les jeunes m\u00e9decins.<\/p>\n<p>Sur le volet formation, on accueillait d\u00e9j\u00e0 des internes. On prend maintenant des \u00e9tudiants en 4e et 5e ann\u00e9es de m\u00e9decine qui ont un stage obligatoire d\u2019un mois dans un des h\u00f4pitaux de territoire. Si, au d\u00e9part, ils viennent \u00e0 contrec\u0153ur \u00e0 Cahors, parce que pendant trop longtemps aller se former ailleurs qu\u2019\u00e0 Toulouse c\u2019\u00e9tait une punition, d\u00e9sormais ils repartent ravis de leur exp\u00e9rience. \u00c0 l\u2019h\u00f4pital de Cahors, on accueille ces jeunes depuis un an, en cardiologie, en g\u00e9riatrie, en rhumatologie, aux urgences,\u00a0etc.\u00a0Par cette initiative, nous esp\u00e9rons les ancrer dans nos d\u00e9partements, pour qu\u2019\u00e0 la fin de leurs \u00e9tudes ils aient envie de s\u2019installer ici.<\/p>\n<p class=\"std-elt__inline\">\n        <strong>\u00c0 lire aussi :<\/strong><br \/>\n        <a href=\"https:\/\/www.ladepeche.fr\/2025\/05\/06\/deserts-medicaux-25-internes-en-medecine-rejoignent-lhopital-de-cahors-dans-un-contexte-de-crise-medicale-en-france-12676524.php\" rel=\"nofollow noopener\" target=\"_blank\">D\u00e9serts m\u00e9dicaux\u00a0: 25 internes en m\u00e9decine rejoignent l\u2019h\u00f4pital de Cahors dans un contexte de crise m\u00e9dicale en France<\/a>\n    <\/p>\n<p class=\"txt-question\">Cette convention H2O aborde la recherche, de quoi s\u2019agit-il\u00a0?<\/p>\n<p>Lorsque des patients sont pr\u00eats \u00e0 s\u2019engager dans des \u00e9tudes m\u00e9dicales pour la recherche clinique, ils n\u2019ont pas forc\u00e9ment envie de se d\u00e9placer \u00e0 Toulouse. Il faut que, dans nos h\u00f4pitaux de territoire, nos m\u00e9decins soient en capacit\u00e9 de garantir leur parcours. D\u2019ailleurs, les laboratoires pharmaceutiques sont demandeurs d\u2019un panel de patients plus large g\u00e9ographiquement et plus repr\u00e9sentatif de la soci\u00e9t\u00e9.<br \/>Proposer \u00e0 des m\u00e9decins \u00e0 Cahors de participer \u00e0 la recherche clinique, c\u2019est la cerise sur le g\u00e2teau pour un professionnel.<\/p>\n<p>\u00ab\u00a0En 2023, l\u2019h\u00f4pital ne comptait plus qu\u2019un seul cardiologue. La situation n\u2019\u00e9tait plus tenable.\u00a0\u00bb<\/p>\n<p class=\"txt-question\">L\u2019id\u00e9e de cette convention est donc de faire des passerelles entre le CHU et l\u2019h\u00f4pital. Qu\u2019en est-il en\u00a0cardiologie\u00a0?<\/p>\n<p>En 2023, l\u2019h\u00f4pital ne comptait plus qu\u2019un seul cardiologue. La situation n\u2019\u00e9tait plus tenable et le service allait fermer. Perdre cette sp\u00e9cialit\u00e9, c\u2019\u00e9tait mettre en fragilit\u00e9 toute la structure hospitali\u00e8re, comme les urgences, la r\u00e9animation,\u00a0etc. Alors, le CHU de Toulouse a d\u00e9cid\u00e9 d\u2019intervenir.<\/p>\n<p>Nous avons maintenant une \u00e9quipe de 6 m\u00e9decins cardiologues du CHU qui travaillent \u00e0 Cahors, 2 jours par mois chacun, et deux permanents. L\u2019Agence r\u00e9gionale de sant\u00e9 d\u2019Occitanie a soutenu notre d\u00e9marche pour constituer une \u00e9quipe de m\u00e9decins territoriaux pour un \u00e0 deux ans, \u00e0 titre exp\u00e9rimental. Il faudra la p\u00e9renniser.<\/p>\n<p class=\"txt-question\">Quels sont vos projets pour la cardiologie\u00a0?<\/p>\n<p>En 2026, nous avons bon espoir de d\u00e9velopper l\u2019imagerie cardiaque ici, en r\u00e9alisant en radiologie des scanners et des IRM cardiaques sp\u00e9cifiques.<\/p>\n<p>D\u00e8s le mois d\u2019octobre\u00a02025, nous souhaitons ouvrir une hospitalisation de jour de quatre lits, pour permettre aux gens de venir sur une journ\u00e9e \u00e0 l\u2019h\u00f4pital r\u00e9aliser l\u2019ensemble des examens de cardiologie, sans qu\u2019ils aient \u00e0 g\u00e9rer tout un tas de prises de rendez-vous ou de d\u00e9placements.<\/p>\n<p>L\u2019autre projet est la cr\u00e9ation d\u2019une unit\u00e9 de soins intensifs en cardiologie, valid\u00e9e par l\u2019ARS, avec une garde de m\u00e9decin 24\u00a0heures sur 24. Ce serait une grande premi\u00e8re dans le Lot. On aimerait s\u2019engager d\u00e8s f\u00e9vrier\u00a02026. En r\u00e9sum\u00e9, nous pourrions avoir de la r\u00e9animation cardiaque, prendre en charge du post-op\u00e9ratoire, intervenir sur des embolies pulmonaires, des arythmies ou des infarctus graves, mettre en place des pacemakers,\u00a0etc. Mais on ne fera jamais tout, il n\u2019y aura pas de cardiologie interventionnelle sur les art\u00e8res du c\u0153ur \u00e0 Cahors, par exemple.<\/p>\n","protected":false},"excerpt":{"rendered":"l&rsquo;essentiel Quand tous croyaient condamn\u00e9 le service cardiologie de l\u2019h\u00f4pital de Cahors, le professeur Carri\u00e9 et le CHU&hellip;\n","protected":false},"author":2,"featured_media":346625,"comment_status":"","ping_status":"","sticky":false,"template":"","format":"standard","meta":{"footnotes":""},"categories":[2816],"tags":[1111,11,1777,674,1011,27,12,2680,25,2312],"class_list":{"0":"post-346624","1":"post","2":"type-post","3":"status-publish","4":"format-standard","5":"has-post-thumbnail","7":"category-toulouse","8":"tag-actu","9":"tag-actualites","10":"tag-eu","11":"tag-europe","12":"tag-fr","13":"tag-france","14":"tag-news","15":"tag-occitanie","16":"tag-republique-francaise","17":"tag-toulouse"},"share_on_mastodon":{"url":"https:\/\/pubeurope.com\/@fr\/115098538703882138","error":""},"_links":{"self":[{"href":"https:\/\/www.europesays.com\/fr\/wp-json\/wp\/v2\/posts\/346624","targetHints":{"allow":["GET"]}}],"collection":[{"href":"https:\/\/www.europesays.com\/fr\/wp-json\/wp\/v2\/posts"}],"about":[{"href":"https:\/\/www.europesays.com\/fr\/wp-json\/wp\/v2\/types\/post"}],"author":[{"embeddable":true,"href":"https:\/\/www.europesays.com\/fr\/wp-json\/wp\/v2\/users\/2"}],"replies":[{"embeddable":true,"href":"https:\/\/www.europesays.com\/fr\/wp-json\/wp\/v2\/comments?post=346624"}],"version-history":[{"count":0,"href":"https:\/\/www.europesays.com\/fr\/wp-json\/wp\/v2\/posts\/346624\/revisions"}],"wp:featuredmedia":[{"embeddable":true,"href":"https:\/\/www.europesays.com\/fr\/wp-json\/wp\/v2\/media\/346625"}],"wp:attachment":[{"href":"https:\/\/www.europesays.com\/fr\/wp-json\/wp\/v2\/media?parent=346624"}],"wp:term":[{"taxonomy":"category","embeddable":true,"href":"https:\/\/www.europesays.com\/fr\/wp-json\/wp\/v2\/categories?post=346624"},{"taxonomy":"post_tag","embeddable":true,"href":"https:\/\/www.europesays.com\/fr\/wp-json\/wp\/v2\/tags?post=346624"}],"curies":[{"name":"wp","href":"https:\/\/api.w.org\/{rel}","templated":true}]}}