{"id":346628,"date":"2025-08-27T03:13:17","date_gmt":"2025-08-27T03:13:17","guid":{"rendered":"https:\/\/www.europesays.com\/fr\/346628\/"},"modified":"2025-08-27T03:13:17","modified_gmt":"2025-08-27T03:13:17","slug":"alors-quil-menacait-de-se-suicider-il-tente-de-semparer-de-larme-dun-policier-a-marseille","status":"publish","type":"post","link":"https:\/\/www.europesays.com\/fr\/346628\/","title":{"rendered":"Alors qu&rsquo;il mena\u00e7ait de se suicider, il tente de s&#8217;emparer de l&rsquo;arme d&rsquo;un policier \u00e0 Marseille"},"content":{"rendered":"<p>Ce sont des passants qui ont donn\u00e9 l\u2019alerte lundi soir 25\u00a0ao\u00fbt, vers 21\u00a0h\u00a030, en h\u00e9lant un \u00e9quipage de police qui empruntait le <a href=\"https:\/\/www.laprovence.com\/article\/faits-divers-justice\/69646778232234\/marseille-un-feu-important-en-cours-dans-un-entrepot-du-canet\" target=\"_blank\" rel=\"noopener\">boulevard Danielle Casanova<\/a>, dans le 14e arrondissement de Marseille. Aux hommes de la compagnie d\u2019intervention, plusieurs t\u00e9moins ont expliqu\u00e9 qu\u2019un homme mena\u00e7ait de se jeter dans le vide depuis la fen\u00eatre de son appartement.<\/p>\n<p>Les fonctionnaires ayant rep\u00e9r\u00e9 l\u2019immeuble et l\u2019\u00e9tage auquel se trouvait l\u2019individu, ils ont aussit\u00f4t gagn\u00e9 son appartement et tent\u00e9 de le raisonner. Mais au cours des pourparlers, l\u2019homme, un quadrag\u00e9naire s\u2019est jet\u00e9 sur l\u2019un des policiers pour s\u2019emparer de son Sig Sauer.<\/p>\n<p>Emp\u00each\u00e9 par l\u2019\u00e9tui de s\u00e9curit\u00e9<\/p>\n<p>Fort heureusement, l\u2019arme de service \u00e9tant retenue par un \u00e9tui s\u00e9curis\u00e9, il n\u2019est parvenu \u00e0 ses fins. Non sans mal puisqu\u2019ils ont \u00e9t\u00e9 bless\u00e9s aux mains et aux coudes, les policiers sont arriv\u00e9s \u00e0 emp\u00eacher le forcen\u00e9 de se <a href=\"https:\/\/www.laprovence.com\/article\/faits-divers-justice\/1066811875164714\/un-homme-qui-sest-defenestre-du-4e-etage-dun-immeuble-a-marseille-dans-un-etat-tres-grave\" target=\"_blank\" rel=\"noopener\">d\u00e9fenestrer<\/a> et \u00e0 le ma\u00eetriser. \u00c2g\u00e9 de 47\u00a0ans, il a \u00e9t\u00e9 interpell\u00e9 et plac\u00e9 en garde \u00e0 vue.<\/p>\n","protected":false},"excerpt":{"rendered":"Ce sont des passants qui ont donn\u00e9 l\u2019alerte lundi soir 25\u00a0ao\u00fbt, vers 21\u00a0h\u00a030, en h\u00e9lant un \u00e9quipage de&hellip;\n","protected":false},"author":2,"featured_media":346629,"comment_status":"","ping_status":"","sticky":false,"template":"","format":"standard","meta":{"footnotes":""},"categories":[2814],"tags":[17,1111,11,3683,1102,1777,674,274,1011,27,1859,884,20053,12,882,18017,25,48271,48270,18800],"class_list":{"0":"post-346628","1":"post","2":"type-post","3":"status-publish","4":"format-standard","5":"has-post-thumbnail","7":"category-marseille","8":"tag-17","9":"tag-actu","10":"tag-actualites","11":"tag-alors","12":"tag-breakingnews","13":"tag-eu","14":"tag-europe","15":"tag-faits-divers-justice","16":"tag-fr","17":"tag-france","18":"tag-larme","19":"tag-marseille","20":"tag-menacait","21":"tag-news","22":"tag-provence-alpes-cote-dazur","23":"tag-quil","24":"tag-republique-francaise","25":"tag-semparer","26":"tag-suicider","27":"tag-tente"},"share_on_mastodon":{"url":"https:\/\/pubeurope.com\/@fr\/115098550812499098","error":""},"_links":{"self":[{"href":"https:\/\/www.europesays.com\/fr\/wp-json\/wp\/v2\/posts\/346628","targetHints":{"allow":["GET"]}}],"collection":[{"href":"https:\/\/www.europesays.com\/fr\/wp-json\/wp\/v2\/posts"}],"about":[{"href":"https:\/\/www.europesays.com\/fr\/wp-json\/wp\/v2\/types\/post"}],"author":[{"embeddable":true,"href":"https:\/\/www.europesays.com\/fr\/wp-json\/wp\/v2\/users\/2"}],"replies":[{"embeddable":true,"href":"https:\/\/www.europesays.com\/fr\/wp-json\/wp\/v2\/comments?post=346628"}],"version-history":[{"count":0,"href":"https:\/\/www.europesays.com\/fr\/wp-json\/wp\/v2\/posts\/346628\/revisions"}],"wp:featuredmedia":[{"embeddable":true,"href":"https:\/\/www.europesays.com\/fr\/wp-json\/wp\/v2\/media\/346629"}],"wp:attachment":[{"href":"https:\/\/www.europesays.com\/fr\/wp-json\/wp\/v2\/media?parent=346628"}],"wp:term":[{"taxonomy":"category","embeddable":true,"href":"https:\/\/www.europesays.com\/fr\/wp-json\/wp\/v2\/categories?post=346628"},{"taxonomy":"post_tag","embeddable":true,"href":"https:\/\/www.europesays.com\/fr\/wp-json\/wp\/v2\/tags?post=346628"}],"curies":[{"name":"wp","href":"https:\/\/api.w.org\/{rel}","templated":true}]}}